{"id":1642,"date":"2023-06-01T07:27:51","date_gmt":"2023-06-01T07:27:51","guid":{"rendered":"https:\/\/www.externacorporativo.com\/estados-unidos-espana-convenio-para-evitar-la-doble-imposicion-aprobadas-las-modificaciones-2\/"},"modified":"2023-06-01T07:27:53","modified_gmt":"2023-06-01T07:27:53","slug":"estados-unidos-espana-convenio-para-evitar-la-doble-imposicion-aprobadas-las-modificaciones-2","status":"publish","type":"post","link":"https:\/\/www.externacorporativo.com\/es\/estados-unidos-espana-convenio-para-evitar-la-doble-imposicion-aprobadas-las-modificaciones-2\/","title":{"rendered":"ESTADOS UNIDOS &#8211; ESPA\u00d1A: Convenio para evitar la doble imposici\u00f3n: aprobadas las modificaciones"},"content":{"rendered":"<p style=\"text-align: justify;\">Tras seis a\u00f1os, desde 2013 que se aprob\u00f3 el Protocolo de modificaci\u00f3n del Convenio para evitar la doble imposici\u00f3n entre ambos estados, finalmente, el pasado 27 de agosto, Estados Unidos ha comunicado la finalizaci\u00f3n de su proceso interno de ratificaci\u00f3n en el Senado.<\/p>\n<p style=\"text-align: justify;\">Comienza as\u00ed el plazo de 3 meses hasta su entrada en vigor, que se producir\u00e1 el pr\u00f3ximo 27 de noviembre de 2019.<\/p>\n<p style=\"text-align: justify;\">Las modificaciones implican una clara mejora respecto al texto vigente, as\u00ed como una adaptaci\u00f3n al modelo de convenio de la OCDE y a la equiparaci\u00f3n con otros estados de la UE.<\/p>\n<p style=\"text-align: justify;\">Sin embargo, habr\u00e1 que estar atentos a la cl\u00e1usula de limitaci\u00f3n de beneficios ya que podr\u00eda no ser de aplicaci\u00f3n a determinados sujetos pasivos u operaciones.<\/p>\n<p style=\"text-align: justify;\">Las modificaciones m\u00e1s importantes que consideramos a destacar ser\u00edan:<\/p>\n<ul style=\"text-align: justify;\">\n<li>La reducci\u00f3n de la retenci\u00f3n en la fuente sobre dividendos, intereses, c\u00e1nones y ganancias patrimoniales. Incluso se considerar la exenci\u00f3n en los casos de dividendos cuando la participaci\u00f3n es mayoritaria.<\/li>\n<\/ul>\n<ul style=\"text-align: justify;\">\n<li>Se modifica y aclaran conceptos que generan controversia, como son \u201cfondos de pensiones\u201d y \u201cestablecimiento permanente\u201d.<\/li>\n<\/ul>\n<ul style=\"text-align: justify;\">\n<li>Se regula las entidades transparentes y su trato fiscal, incluso cuando tienen su sede en un tercer estado. En esta l\u00ednea, se profundiza en la obligatoriedad de intercambio de informaci\u00f3n financiera, siguiendo los est\u00e1ndares de la OCDE.<\/li>\n<\/ul>\n<ul style=\"text-align: justify;\">\n<li>Los procedimientos amistosos en caso de controversia, permiten acudir al arbitraje, siendo el tercer convenio que recoge esta posibilidad tras Suiza y Reino Unido.<\/li>\n<\/ul>\n<ul style=\"text-align: justify;\">\n<li>La parte m\u00e1s novedosa es la relativa a una cl\u00e1usula sobre limitaci\u00f3n de beneficios que determina el \u00e1mbito subjetivo del convenio, ya que en el art.17 se introduce el concepto de persona \u201ccalificada\u201d. Este concepto implicar\u00e1 que, para beneficiarse del convenio, no ser\u00e1 suficiente con ser residente en uno de los estados contratantes, sino que se deber\u00e1 demostrar un v\u00ednculo suficiente o motivos econ\u00f3micos v\u00e1lidos para obtener desde ese Estado el rendimiento generado en el Estado de la fuente.<\/li>\n<\/ul>\n<p style=\"text-align: justify;\">La entrada en vigor est\u00e1 prevista para el pr\u00f3ximo 27 de noviembre por lo que los dividendos abonados a partir de esa fecha, en el caso de participaciones superiores al 80%, estar\u00e1n exentos de retenci\u00f3n en la fuente.<\/p>\n","protected":false},"excerpt":{"rendered":"<p>Tras seis a\u00f1os, desde 2013 que se aprob\u00f3 el Protocolo de modificaci\u00f3n del Convenio para evitar la doble imposici\u00f3n entre ambos estados, finalmente, el pasado 27 de agosto, Estados Unidos ha comunicado la finalizaci\u00f3n de su proceso interno de ratificaci\u00f3n en el Senado. Comienza as\u00ed el plazo de 3 meses hasta su entrada en vigor, [&hellip;]<\/p>\n","protected":false},"author":2,"featured_media":0,"comment_status":"open","ping_status":"open","sticky":false,"template":"","format":"standard","meta":[],"categories":[],"tags":[],"yoast_head":"<!-- This site is optimized with the Yoast SEO plugin v20.0 - https:\/\/yoast.com\/wordpress\/plugins\/seo\/ -->\n<title>ESTADOS UNIDOS - ESPA\u00d1A: Convenio para evitar la doble imposici\u00f3n: aprobadas las modificaciones - Externa<\/title>\n<meta name=\"robots\" content=\"index, follow, max-snippet:-1, max-image-preview:large, max-video-preview:-1\" \/>\n<link rel=\"canonical\" href=\"https:\/\/www.externacorporativo.com\/es\/estados-unidos-espana-convenio-para-evitar-la-doble-imposicion-aprobadas-las-modificaciones-2\/\" \/>\n<meta property=\"og:locale\" content=\"es_ES\" \/>\n<meta property=\"og:type\" content=\"article\" \/>\n<meta property=\"og:title\" content=\"ESTADOS UNIDOS - ESPA\u00d1A: Convenio para evitar la doble imposici\u00f3n: aprobadas las modificaciones - Externa\" \/>\n<meta property=\"og:description\" content=\"Tras seis a\u00f1os, desde 2013 que se aprob\u00f3 el Protocolo de modificaci\u00f3n del Convenio para evitar la doble imposici\u00f3n entre ambos estados, finalmente, el pasado 27 de agosto, Estados Unidos ha comunicado la finalizaci\u00f3n de su proceso interno de ratificaci\u00f3n en el Senado. Comienza as\u00ed el plazo de 3 meses hasta su entrada en vigor, [&hellip;]\" \/>\n<meta property=\"og:url\" content=\"https:\/\/www.externacorporativo.com\/es\/estados-unidos-espana-convenio-para-evitar-la-doble-imposicion-aprobadas-las-modificaciones-2\/\" \/>\n<meta property=\"og:site_name\" content=\"Externa\" \/>\n<meta property=\"article:published_time\" content=\"2023-06-01T07:27:51+00:00\" \/>\n<meta property=\"article:modified_time\" content=\"2023-06-01T07:27:53+00:00\" \/>\n<meta name=\"author\" content=\"Programacion\" \/>\n<meta name=\"twitter:card\" content=\"summary_large_image\" \/>\n<meta name=\"twitter:label1\" content=\"Escrito por\" \/>\n\t<meta name=\"twitter:data1\" content=\"Programacion\" \/>\n\t<meta name=\"twitter:label2\" content=\"Tiempo de lectura\" \/>\n\t<meta name=\"twitter:data2\" content=\"2 minutos\" \/>\n<script type=\"application\/ld+json\" class=\"yoast-schema-graph\">{\"@context\":\"https:\/\/schema.org\",\"@graph\":[{\"@type\":\"Article\",\"@id\":\"https:\/\/www.externacorporativo.com\/es\/estados-unidos-espana-convenio-para-evitar-la-doble-imposicion-aprobadas-las-modificaciones-2\/#article\",\"isPartOf\":{\"@id\":\"https:\/\/www.externacorporativo.com\/es\/estados-unidos-espana-convenio-para-evitar-la-doble-imposicion-aprobadas-las-modificaciones-2\/\"},\"author\":{\"name\":\"Programacion\",\"@id\":\"https:\/\/www.externacorporativo.com\/es\/#\/schema\/person\/bdc7fa484ed4f3510b0ec3c089989e97\"},\"headline\":\"ESTADOS UNIDOS &#8211; ESPA\u00d1A: Convenio para evitar la doble imposici\u00f3n: aprobadas las modificaciones\",\"datePublished\":\"2023-06-01T07:27:51+00:00\",\"dateModified\":\"2023-06-01T07:27:53+00:00\",\"mainEntityOfPage\":{\"@id\":\"https:\/\/www.externacorporativo.com\/es\/estados-unidos-espana-convenio-para-evitar-la-doble-imposicion-aprobadas-las-modificaciones-2\/\"},\"wordCount\":394,\"commentCount\":0,\"publisher\":{\"@id\":\"https:\/\/www.externacorporativo.com\/es\/#organization\"},\"inLanguage\":\"es\",\"potentialAction\":[{\"@type\":\"CommentAction\",\"name\":\"Comment\",\"target\":[\"https:\/\/www.externacorporativo.com\/es\/estados-unidos-espana-convenio-para-evitar-la-doble-imposicion-aprobadas-las-modificaciones-2\/#respond\"]}]},{\"@type\":\"WebPage\",\"@id\":\"https:\/\/www.externacorporativo.com\/es\/estados-unidos-espana-convenio-para-evitar-la-doble-imposicion-aprobadas-las-modificaciones-2\/\",\"url\":\"https:\/\/www.externacorporativo.com\/es\/estados-unidos-espana-convenio-para-evitar-la-doble-imposicion-aprobadas-las-modificaciones-2\/\",\"name\":\"ESTADOS UNIDOS - ESPA\u00d1A: Convenio para evitar la doble imposici\u00f3n: aprobadas las modificaciones - Externa\",\"isPartOf\":{\"@id\":\"https:\/\/www.externacorporativo.com\/es\/#website\"},\"datePublished\":\"2023-06-01T07:27:51+00:00\",\"dateModified\":\"2023-06-01T07:27:53+00:00\",\"breadcrumb\":{\"@id\":\"https:\/\/www.externacorporativo.com\/es\/estados-unidos-espana-convenio-para-evitar-la-doble-imposicion-aprobadas-las-modificaciones-2\/#breadcrumb\"},\"inLanguage\":\"es\",\"potentialAction\":[{\"@type\":\"ReadAction\",\"target\":[\"https:\/\/www.externacorporativo.com\/es\/estados-unidos-espana-convenio-para-evitar-la-doble-imposicion-aprobadas-las-modificaciones-2\/\"]}]},{\"@type\":\"BreadcrumbList\",\"@id\":\"https:\/\/www.externacorporativo.com\/es\/estados-unidos-espana-convenio-para-evitar-la-doble-imposicion-aprobadas-las-modificaciones-2\/#breadcrumb\",\"itemListElement\":[{\"@type\":\"ListItem\",\"position\":1,\"name\":\"Portada\",\"item\":\"https:\/\/www.externacorporativo.com\/es\/\"},{\"@type\":\"ListItem\",\"position\":2,\"name\":\"ESTADOS UNIDOS &#8211; ESPA\u00d1A: Convenio para evitar la doble imposici\u00f3n: aprobadas las modificaciones\"}]},{\"@type\":\"WebSite\",\"@id\":\"https:\/\/www.externacorporativo.com\/es\/#website\",\"url\":\"https:\/\/www.externacorporativo.com\/es\/\",\"name\":\"Externa\",\"description\":\"\",\"publisher\":{\"@id\":\"https:\/\/www.externacorporativo.com\/es\/#organization\"},\"potentialAction\":[{\"@type\":\"SearchAction\",\"target\":{\"@type\":\"EntryPoint\",\"urlTemplate\":\"https:\/\/www.externacorporativo.com\/es\/?s={search_term_string}\"},\"query-input\":\"required name=search_term_string\"}],\"inLanguage\":\"es\"},{\"@type\":\"Organization\",\"@id\":\"https:\/\/www.externacorporativo.com\/es\/#organization\",\"name\":\"Externa\",\"url\":\"https:\/\/www.externacorporativo.com\/es\/\",\"logo\":{\"@type\":\"ImageObject\",\"inLanguage\":\"es\",\"@id\":\"https:\/\/www.externacorporativo.com\/es\/#\/schema\/logo\/image\/\",\"url\":\"https:\/\/www.externacorporativo.com\/wp-content\/uploads\/2023\/04\/Sin-nombre.png\",\"contentUrl\":\"https:\/\/www.externacorporativo.com\/wp-content\/uploads\/2023\/04\/Sin-nombre.png\",\"width\":297,\"height\":109,\"caption\":\"Externa\"},\"image\":{\"@id\":\"https:\/\/www.externacorporativo.com\/es\/#\/schema\/logo\/image\/\"}},{\"@type\":\"Person\",\"@id\":\"https:\/\/www.externacorporativo.com\/es\/#\/schema\/person\/bdc7fa484ed4f3510b0ec3c089989e97\",\"name\":\"Programacion\",\"image\":{\"@type\":\"ImageObject\",\"inLanguage\":\"es\",\"@id\":\"https:\/\/www.externacorporativo.com\/es\/#\/schema\/person\/image\/\",\"url\":\"https:\/\/secure.gravatar.com\/avatar\/b46a7287724b495183c8c832facd7442?s=96&d=mm&r=g\",\"contentUrl\":\"https:\/\/secure.gravatar.com\/avatar\/b46a7287724b495183c8c832facd7442?s=96&d=mm&r=g\",\"caption\":\"Programacion\"},\"url\":\"https:\/\/www.externacorporativo.com\/es\/author\/programacion\/\"}]}<\/script>\n<!-- \/ Yoast SEO plugin. -->","yoast_head_json":{"title":"ESTADOS UNIDOS - ESPA\u00d1A: Convenio para evitar la doble imposici\u00f3n: aprobadas las modificaciones - Externa","robots":{"index":"index","follow":"follow","max-snippet":"max-snippet:-1","max-image-preview":"max-image-preview:large","max-video-preview":"max-video-preview:-1"},"canonical":"https:\/\/www.externacorporativo.com\/es\/estados-unidos-espana-convenio-para-evitar-la-doble-imposicion-aprobadas-las-modificaciones-2\/","og_locale":"es_ES","og_type":"article","og_title":"ESTADOS UNIDOS - ESPA\u00d1A: Convenio para evitar la doble imposici\u00f3n: aprobadas las modificaciones - Externa","og_description":"Tras seis a\u00f1os, desde 2013 que se aprob\u00f3 el Protocolo de modificaci\u00f3n del Convenio para evitar la doble imposici\u00f3n entre ambos estados, finalmente, el pasado 27 de agosto, Estados Unidos ha comunicado la finalizaci\u00f3n de su proceso interno de ratificaci\u00f3n en el Senado. Comienza as\u00ed el plazo de 3 meses hasta su entrada en vigor, [&hellip;]","og_url":"https:\/\/www.externacorporativo.com\/es\/estados-unidos-espana-convenio-para-evitar-la-doble-imposicion-aprobadas-las-modificaciones-2\/","og_site_name":"Externa","article_published_time":"2023-06-01T07:27:51+00:00","article_modified_time":"2023-06-01T07:27:53+00:00","author":"Programacion","twitter_card":"summary_large_image","twitter_misc":{"Escrito por":"Programacion","Tiempo de lectura":"2 minutos"},"schema":{"@context":"https:\/\/schema.org","@graph":[{"@type":"Article","@id":"https:\/\/www.externacorporativo.com\/es\/estados-unidos-espana-convenio-para-evitar-la-doble-imposicion-aprobadas-las-modificaciones-2\/#article","isPartOf":{"@id":"https:\/\/www.externacorporativo.com\/es\/estados-unidos-espana-convenio-para-evitar-la-doble-imposicion-aprobadas-las-modificaciones-2\/"},"author":{"name":"Programacion","@id":"https:\/\/www.externacorporativo.com\/es\/#\/schema\/person\/bdc7fa484ed4f3510b0ec3c089989e97"},"headline":"ESTADOS UNIDOS &#8211; ESPA\u00d1A: Convenio para evitar la doble imposici\u00f3n: aprobadas las modificaciones","datePublished":"2023-06-01T07:27:51+00:00","dateModified":"2023-06-01T07:27:53+00:00","mainEntityOfPage":{"@id":"https:\/\/www.externacorporativo.com\/es\/estados-unidos-espana-convenio-para-evitar-la-doble-imposicion-aprobadas-las-modificaciones-2\/"},"wordCount":394,"commentCount":0,"publisher":{"@id":"https:\/\/www.externacorporativo.com\/es\/#organization"},"inLanguage":"es","potentialAction":[{"@type":"CommentAction","name":"Comment","target":["https:\/\/www.externacorporativo.com\/es\/estados-unidos-espana-convenio-para-evitar-la-doble-imposicion-aprobadas-las-modificaciones-2\/#respond"]}]},{"@type":"WebPage","@id":"https:\/\/www.externacorporativo.com\/es\/estados-unidos-espana-convenio-para-evitar-la-doble-imposicion-aprobadas-las-modificaciones-2\/","url":"https:\/\/www.externacorporativo.com\/es\/estados-unidos-espana-convenio-para-evitar-la-doble-imposicion-aprobadas-las-modificaciones-2\/","name":"ESTADOS UNIDOS - ESPA\u00d1A: Convenio para evitar la doble imposici\u00f3n: aprobadas las modificaciones - Externa","isPartOf":{"@id":"https:\/\/www.externacorporativo.com\/es\/#website"},"datePublished":"2023-06-01T07:27:51+00:00","dateModified":"2023-06-01T07:27:53+00:00","breadcrumb":{"@id":"https:\/\/www.externacorporativo.com\/es\/estados-unidos-espana-convenio-para-evitar-la-doble-imposicion-aprobadas-las-modificaciones-2\/#breadcrumb"},"inLanguage":"es","potentialAction":[{"@type":"ReadAction","target":["https:\/\/www.externacorporativo.com\/es\/estados-unidos-espana-convenio-para-evitar-la-doble-imposicion-aprobadas-las-modificaciones-2\/"]}]},{"@type":"BreadcrumbList","@id":"https:\/\/www.externacorporativo.com\/es\/estados-unidos-espana-convenio-para-evitar-la-doble-imposicion-aprobadas-las-modificaciones-2\/#breadcrumb","itemListElement":[{"@type":"ListItem","position":1,"name":"Portada","item":"https:\/\/www.externacorporativo.com\/es\/"},{"@type":"ListItem","position":2,"name":"ESTADOS UNIDOS &#8211; ESPA\u00d1A: Convenio para evitar la doble imposici\u00f3n: aprobadas las modificaciones"}]},{"@type":"WebSite","@id":"https:\/\/www.externacorporativo.com\/es\/#website","url":"https:\/\/www.externacorporativo.com\/es\/","name":"Externa","description":"","publisher":{"@id":"https:\/\/www.externacorporativo.com\/es\/#organization"},"potentialAction":[{"@type":"SearchAction","target":{"@type":"EntryPoint","urlTemplate":"https:\/\/www.externacorporativo.com\/es\/?s={search_term_string}"},"query-input":"required name=search_term_string"}],"inLanguage":"es"},{"@type":"Organization","@id":"https:\/\/www.externacorporativo.com\/es\/#organization","name":"Externa","url":"https:\/\/www.externacorporativo.com\/es\/","logo":{"@type":"ImageObject","inLanguage":"es","@id":"https:\/\/www.externacorporativo.com\/es\/#\/schema\/logo\/image\/","url":"https:\/\/www.externacorporativo.com\/wp-content\/uploads\/2023\/04\/Sin-nombre.png","contentUrl":"https:\/\/www.externacorporativo.com\/wp-content\/uploads\/2023\/04\/Sin-nombre.png","width":297,"height":109,"caption":"Externa"},"image":{"@id":"https:\/\/www.externacorporativo.com\/es\/#\/schema\/logo\/image\/"}},{"@type":"Person","@id":"https:\/\/www.externacorporativo.com\/es\/#\/schema\/person\/bdc7fa484ed4f3510b0ec3c089989e97","name":"Programacion","image":{"@type":"ImageObject","inLanguage":"es","@id":"https:\/\/www.externacorporativo.com\/es\/#\/schema\/person\/image\/","url":"https:\/\/secure.gravatar.com\/avatar\/b46a7287724b495183c8c832facd7442?s=96&d=mm&r=g","contentUrl":"https:\/\/secure.gravatar.com\/avatar\/b46a7287724b495183c8c832facd7442?s=96&d=mm&r=g","caption":"Programacion"},"url":"https:\/\/www.externacorporativo.com\/es\/author\/programacion\/"}]}},"_links":{"self":[{"href":"https:\/\/www.externacorporativo.com\/es\/wp-json\/wp\/v2\/posts\/1642"}],"collection":[{"href":"https:\/\/www.externacorporativo.com\/es\/wp-json\/wp\/v2\/posts"}],"about":[{"href":"https:\/\/www.externacorporativo.com\/es\/wp-json\/wp\/v2\/types\/post"}],"author":[{"embeddable":true,"href":"https:\/\/www.externacorporativo.com\/es\/wp-json\/wp\/v2\/users\/2"}],"replies":[{"embeddable":true,"href":"https:\/\/www.externacorporativo.com\/es\/wp-json\/wp\/v2\/comments?post=1642"}],"version-history":[{"count":1,"href":"https:\/\/www.externacorporativo.com\/es\/wp-json\/wp\/v2\/posts\/1642\/revisions"}],"predecessor-version":[{"id":2484,"href":"https:\/\/www.externacorporativo.com\/es\/wp-json\/wp\/v2\/posts\/1642\/revisions\/2484"}],"wp:attachment":[{"href":"https:\/\/www.externacorporativo.com\/es\/wp-json\/wp\/v2\/media?parent=1642"}],"wp:term":[{"taxonomy":"category","embeddable":true,"href":"https:\/\/www.externacorporativo.com\/es\/wp-json\/wp\/v2\/categories?post=1642"},{"taxonomy":"post_tag","embeddable":true,"href":"https:\/\/www.externacorporativo.com\/es\/wp-json\/wp\/v2\/tags?post=1642"}],"curies":[{"name":"wp","href":"https:\/\/api.w.org\/{rel}","templated":true}]}}