{"id":1670,"date":"2023-06-01T07:27:58","date_gmt":"2023-06-01T07:27:58","guid":{"rendered":"https:\/\/www.externacorporativo.com\/union-europea-restricciones-en-los-desplazamientos-2\/"},"modified":"2023-06-01T07:27:58","modified_gmt":"2023-06-01T07:27:58","slug":"union-europea-restricciones-en-los-desplazamientos-2","status":"publish","type":"post","link":"https:\/\/www.externacorporativo.com\/es\/union-europea-restricciones-en-los-desplazamientos-2\/","title":{"rendered":"UNI\u00d3N EUROPEA- RESTRICCIONES EN LOS DESPLAZAMIENTOS"},"content":{"rendered":"<p style=\"text-align: justify;\"><strong>Orden INT\/270\/2020, de 21 de marzo por la que se establecen criterios para la aplicaci\u00f3n de una restricci\u00f3n temporal de viajes no imprescindibles desde terceros pa\u00edses a la uni\u00f3n europea y pa\u00edses asociados Schengen por razones de orden p\u00fablico y salud p\u00fablica con motivo de la crisis sanitaria ocasionada por el COVID-19 <\/strong><\/p>\n<p style=\"text-align: justify;\">El Consejo Europeo estableci\u00f3 en pasado 17 de marzo una serie de restricciones a los desplazamientos en el entorno UE, restringiendo temporalmente los viajes no imprescindibles. Sigue la l\u00ednea de lo dispuesto en el Real Decreto 463\/2020, de 14 de marzo, por el que se declar\u00f3 el estado de alarma y en la Orden INT\/239\/2020, de 16 de marzo, por la que se restablecen los controles en las fronteras interiores terrestres.<\/p>\n<p style=\"text-align: justify;\">La Orden entra <u>en vigor el 23 de marzo 2020, con una vigencia de 30 d\u00edas<\/u>, salvo eventuales pr\u00f3rrogas que se acordaran a estos efectos.<\/p>\n<p style=\"text-align: justify;\">Nos importa a todos y afecta especialmente a aquellas empresas que tienen filiales y oficinas en el extranjero con personal desplazado all\u00ed. As\u00ed, tras esta Orden INT\/270\/2020, solo se autoriza el desplazamiento a los siguientes perfiles:<\/p>\n<ol style=\"text-align: justify;\">\n<li>Residentes en la Uni\u00f3n Europea o Estados Asociados Schengen, que se dirijan directamente a su lugar de residencia.<\/li>\n<li>Titulares de un visado de larga duraci\u00f3n expedido por un Estado miembro o Estado Asociado Schengen que se dirijan a este.<\/li>\n<li>Trabajadores transfronterizos.<\/li>\n<li>Profesionales sanitarios o del cuidado de mayores que se dirijan a ejercer su actividad laboral.<\/li>\n<li>Personal dedicado al transporte de mercanc\u00edas, en el ejercicio de su actividad laboral y el personal de vuelo necesario para llevar a cabo las actividades de transporte a\u00e9reo comercial.<\/li>\n<li>Personal diplom\u00e1tico, consular, de organizaciones internacionales, militares y miembros de organizaciones humanitarias, en el ejercicio de sus funciones.<\/li>\n<li>Personas viajando por motivos familiares imperativos debidamente acreditados.<\/li>\n<li>Personas que acrediten documentalmente motivos de fuerza mayor o situaci\u00f3n de necesidad, o cuya entrada se permita por motivos humanitarios.<\/li>\n<\/ol>\n<p style=\"text-align: justify;\">Por lo tanto, fuera de estos expresos supuestos, las autoridades espa\u00f1olas podr\u00e1n denegar la entrada a ciudadanos UE y sus familiares si no son residentes en Espa\u00f1a o se dirijan directamente a otro de los estados de la UE en el que lo son o que no re\u00fanan las condiciones indicadas anteriormente.<\/p>\n","protected":false},"excerpt":{"rendered":"<p>UNI\u00d3N EUROPEA- RESTRICCIONES EN LOS DESPLAZAMIENTOS<\/p>\n","protected":false},"author":2,"featured_media":0,"comment_status":"open","ping_status":"open","sticky":false,"template":"","format":"standard","meta":[],"categories":[],"tags":[],"yoast_head":"<!-- This site is optimized with the Yoast SEO plugin v20.0 - https:\/\/yoast.com\/wordpress\/plugins\/seo\/ -->\n<title>UNI\u00d3N EUROPEA- RESTRICCIONES EN LOS DESPLAZAMIENTOS - Externa<\/title>\n<meta name=\"robots\" content=\"index, follow, max-snippet:-1, max-image-preview:large, max-video-preview:-1\" \/>\n<link rel=\"canonical\" href=\"https:\/\/www.externacorporativo.com\/es\/union-europea-restricciones-en-los-desplazamientos-2\/\" \/>\n<meta property=\"og:locale\" content=\"es_ES\" \/>\n<meta property=\"og:type\" content=\"article\" \/>\n<meta property=\"og:title\" content=\"UNI\u00d3N EUROPEA- RESTRICCIONES EN LOS DESPLAZAMIENTOS - Externa\" \/>\n<meta property=\"og:description\" content=\"UNI\u00d3N EUROPEA- RESTRICCIONES EN LOS DESPLAZAMIENTOS\" \/>\n<meta property=\"og:url\" content=\"https:\/\/www.externacorporativo.com\/es\/union-europea-restricciones-en-los-desplazamientos-2\/\" \/>\n<meta property=\"og:site_name\" content=\"Externa\" \/>\n<meta property=\"article:published_time\" content=\"2023-06-01T07:27:58+00:00\" \/>\n<meta name=\"author\" content=\"Programacion\" \/>\n<meta name=\"twitter:card\" content=\"summary_large_image\" \/>\n<meta name=\"twitter:label1\" content=\"Escrito por\" \/>\n\t<meta name=\"twitter:data1\" content=\"Programacion\" \/>\n\t<meta name=\"twitter:label2\" content=\"Tiempo de lectura\" \/>\n\t<meta name=\"twitter:data2\" content=\"2 minutos\" \/>\n<script type=\"application\/ld+json\" class=\"yoast-schema-graph\">{\"@context\":\"https:\/\/schema.org\",\"@graph\":[{\"@type\":\"Article\",\"@id\":\"https:\/\/www.externacorporativo.com\/es\/union-europea-restricciones-en-los-desplazamientos-2\/#article\",\"isPartOf\":{\"@id\":\"https:\/\/www.externacorporativo.com\/es\/union-europea-restricciones-en-los-desplazamientos-2\/\"},\"author\":{\"name\":\"Programacion\",\"@id\":\"https:\/\/www.externacorporativo.com\/es\/#\/schema\/person\/bdc7fa484ed4f3510b0ec3c089989e97\"},\"headline\":\"UNI\u00d3N EUROPEA- RESTRICCIONES EN LOS DESPLAZAMIENTOS\",\"datePublished\":\"2023-06-01T07:27:58+00:00\",\"dateModified\":\"2023-06-01T07:27:58+00:00\",\"mainEntityOfPage\":{\"@id\":\"https:\/\/www.externacorporativo.com\/es\/union-europea-restricciones-en-los-desplazamientos-2\/\"},\"wordCount\":386,\"commentCount\":0,\"publisher\":{\"@id\":\"https:\/\/www.externacorporativo.com\/es\/#organization\"},\"inLanguage\":\"es\",\"potentialAction\":[{\"@type\":\"CommentAction\",\"name\":\"Comment\",\"target\":[\"https:\/\/www.externacorporativo.com\/es\/union-europea-restricciones-en-los-desplazamientos-2\/#respond\"]}]},{\"@type\":\"WebPage\",\"@id\":\"https:\/\/www.externacorporativo.com\/es\/union-europea-restricciones-en-los-desplazamientos-2\/\",\"url\":\"https:\/\/www.externacorporativo.com\/es\/union-europea-restricciones-en-los-desplazamientos-2\/\",\"name\":\"UNI\u00d3N EUROPEA- RESTRICCIONES EN LOS DESPLAZAMIENTOS - Externa\",\"isPartOf\":{\"@id\":\"https:\/\/www.externacorporativo.com\/es\/#website\"},\"datePublished\":\"2023-06-01T07:27:58+00:00\",\"dateModified\":\"2023-06-01T07:27:58+00:00\",\"breadcrumb\":{\"@id\":\"https:\/\/www.externacorporativo.com\/es\/union-europea-restricciones-en-los-desplazamientos-2\/#breadcrumb\"},\"inLanguage\":\"es\",\"potentialAction\":[{\"@type\":\"ReadAction\",\"target\":[\"https:\/\/www.externacorporativo.com\/es\/union-europea-restricciones-en-los-desplazamientos-2\/\"]}]},{\"@type\":\"BreadcrumbList\",\"@id\":\"https:\/\/www.externacorporativo.com\/es\/union-europea-restricciones-en-los-desplazamientos-2\/#breadcrumb\",\"itemListElement\":[{\"@type\":\"ListItem\",\"position\":1,\"name\":\"Portada\",\"item\":\"https:\/\/www.externacorporativo.com\/es\/\"},{\"@type\":\"ListItem\",\"position\":2,\"name\":\"UNI\u00d3N EUROPEA- RESTRICCIONES EN LOS DESPLAZAMIENTOS\"}]},{\"@type\":\"WebSite\",\"@id\":\"https:\/\/www.externacorporativo.com\/es\/#website\",\"url\":\"https:\/\/www.externacorporativo.com\/es\/\",\"name\":\"Externa\",\"description\":\"\",\"publisher\":{\"@id\":\"https:\/\/www.externacorporativo.com\/es\/#organization\"},\"potentialAction\":[{\"@type\":\"SearchAction\",\"target\":{\"@type\":\"EntryPoint\",\"urlTemplate\":\"https:\/\/www.externacorporativo.com\/es\/?s={search_term_string}\"},\"query-input\":\"required name=search_term_string\"}],\"inLanguage\":\"es\"},{\"@type\":\"Organization\",\"@id\":\"https:\/\/www.externacorporativo.com\/es\/#organization\",\"name\":\"Externa\",\"url\":\"https:\/\/www.externacorporativo.com\/es\/\",\"logo\":{\"@type\":\"ImageObject\",\"inLanguage\":\"es\",\"@id\":\"https:\/\/www.externacorporativo.com\/es\/#\/schema\/logo\/image\/\",\"url\":\"https:\/\/www.externacorporativo.com\/wp-content\/uploads\/2023\/04\/Sin-nombre.png\",\"contentUrl\":\"https:\/\/www.externacorporativo.com\/wp-content\/uploads\/2023\/04\/Sin-nombre.png\",\"width\":297,\"height\":109,\"caption\":\"Externa\"},\"image\":{\"@id\":\"https:\/\/www.externacorporativo.com\/es\/#\/schema\/logo\/image\/\"}},{\"@type\":\"Person\",\"@id\":\"https:\/\/www.externacorporativo.com\/es\/#\/schema\/person\/bdc7fa484ed4f3510b0ec3c089989e97\",\"name\":\"Programacion\",\"image\":{\"@type\":\"ImageObject\",\"inLanguage\":\"es\",\"@id\":\"https:\/\/www.externacorporativo.com\/es\/#\/schema\/person\/image\/\",\"url\":\"https:\/\/secure.gravatar.com\/avatar\/b46a7287724b495183c8c832facd7442?s=96&d=mm&r=g\",\"contentUrl\":\"https:\/\/secure.gravatar.com\/avatar\/b46a7287724b495183c8c832facd7442?s=96&d=mm&r=g\",\"caption\":\"Programacion\"},\"url\":\"https:\/\/www.externacorporativo.com\/es\/author\/programacion\/\"}]}<\/script>\n<!-- \/ Yoast SEO plugin. -->","yoast_head_json":{"title":"UNI\u00d3N EUROPEA- RESTRICCIONES EN LOS DESPLAZAMIENTOS - Externa","robots":{"index":"index","follow":"follow","max-snippet":"max-snippet:-1","max-image-preview":"max-image-preview:large","max-video-preview":"max-video-preview:-1"},"canonical":"https:\/\/www.externacorporativo.com\/es\/union-europea-restricciones-en-los-desplazamientos-2\/","og_locale":"es_ES","og_type":"article","og_title":"UNI\u00d3N EUROPEA- RESTRICCIONES EN LOS DESPLAZAMIENTOS - Externa","og_description":"UNI\u00d3N EUROPEA- RESTRICCIONES EN LOS DESPLAZAMIENTOS","og_url":"https:\/\/www.externacorporativo.com\/es\/union-europea-restricciones-en-los-desplazamientos-2\/","og_site_name":"Externa","article_published_time":"2023-06-01T07:27:58+00:00","author":"Programacion","twitter_card":"summary_large_image","twitter_misc":{"Escrito por":"Programacion","Tiempo de lectura":"2 minutos"},"schema":{"@context":"https:\/\/schema.org","@graph":[{"@type":"Article","@id":"https:\/\/www.externacorporativo.com\/es\/union-europea-restricciones-en-los-desplazamientos-2\/#article","isPartOf":{"@id":"https:\/\/www.externacorporativo.com\/es\/union-europea-restricciones-en-los-desplazamientos-2\/"},"author":{"name":"Programacion","@id":"https:\/\/www.externacorporativo.com\/es\/#\/schema\/person\/bdc7fa484ed4f3510b0ec3c089989e97"},"headline":"UNI\u00d3N EUROPEA- RESTRICCIONES EN LOS DESPLAZAMIENTOS","datePublished":"2023-06-01T07:27:58+00:00","dateModified":"2023-06-01T07:27:58+00:00","mainEntityOfPage":{"@id":"https:\/\/www.externacorporativo.com\/es\/union-europea-restricciones-en-los-desplazamientos-2\/"},"wordCount":386,"commentCount":0,"publisher":{"@id":"https:\/\/www.externacorporativo.com\/es\/#organization"},"inLanguage":"es","potentialAction":[{"@type":"CommentAction","name":"Comment","target":["https:\/\/www.externacorporativo.com\/es\/union-europea-restricciones-en-los-desplazamientos-2\/#respond"]}]},{"@type":"WebPage","@id":"https:\/\/www.externacorporativo.com\/es\/union-europea-restricciones-en-los-desplazamientos-2\/","url":"https:\/\/www.externacorporativo.com\/es\/union-europea-restricciones-en-los-desplazamientos-2\/","name":"UNI\u00d3N EUROPEA- RESTRICCIONES EN LOS DESPLAZAMIENTOS - Externa","isPartOf":{"@id":"https:\/\/www.externacorporativo.com\/es\/#website"},"datePublished":"2023-06-01T07:27:58+00:00","dateModified":"2023-06-01T07:27:58+00:00","breadcrumb":{"@id":"https:\/\/www.externacorporativo.com\/es\/union-europea-restricciones-en-los-desplazamientos-2\/#breadcrumb"},"inLanguage":"es","potentialAction":[{"@type":"ReadAction","target":["https:\/\/www.externacorporativo.com\/es\/union-europea-restricciones-en-los-desplazamientos-2\/"]}]},{"@type":"BreadcrumbList","@id":"https:\/\/www.externacorporativo.com\/es\/union-europea-restricciones-en-los-desplazamientos-2\/#breadcrumb","itemListElement":[{"@type":"ListItem","position":1,"name":"Portada","item":"https:\/\/www.externacorporativo.com\/es\/"},{"@type":"ListItem","position":2,"name":"UNI\u00d3N EUROPEA- RESTRICCIONES EN LOS DESPLAZAMIENTOS"}]},{"@type":"WebSite","@id":"https:\/\/www.externacorporativo.com\/es\/#website","url":"https:\/\/www.externacorporativo.com\/es\/","name":"Externa","description":"","publisher":{"@id":"https:\/\/www.externacorporativo.com\/es\/#organization"},"potentialAction":[{"@type":"SearchAction","target":{"@type":"EntryPoint","urlTemplate":"https:\/\/www.externacorporativo.com\/es\/?s={search_term_string}"},"query-input":"required name=search_term_string"}],"inLanguage":"es"},{"@type":"Organization","@id":"https:\/\/www.externacorporativo.com\/es\/#organization","name":"Externa","url":"https:\/\/www.externacorporativo.com\/es\/","logo":{"@type":"ImageObject","inLanguage":"es","@id":"https:\/\/www.externacorporativo.com\/es\/#\/schema\/logo\/image\/","url":"https:\/\/www.externacorporativo.com\/wp-content\/uploads\/2023\/04\/Sin-nombre.png","contentUrl":"https:\/\/www.externacorporativo.com\/wp-content\/uploads\/2023\/04\/Sin-nombre.png","width":297,"height":109,"caption":"Externa"},"image":{"@id":"https:\/\/www.externacorporativo.com\/es\/#\/schema\/logo\/image\/"}},{"@type":"Person","@id":"https:\/\/www.externacorporativo.com\/es\/#\/schema\/person\/bdc7fa484ed4f3510b0ec3c089989e97","name":"Programacion","image":{"@type":"ImageObject","inLanguage":"es","@id":"https:\/\/www.externacorporativo.com\/es\/#\/schema\/person\/image\/","url":"https:\/\/secure.gravatar.com\/avatar\/b46a7287724b495183c8c832facd7442?s=96&d=mm&r=g","contentUrl":"https:\/\/secure.gravatar.com\/avatar\/b46a7287724b495183c8c832facd7442?s=96&d=mm&r=g","caption":"Programacion"},"url":"https:\/\/www.externacorporativo.com\/es\/author\/programacion\/"}]}},"_links":{"self":[{"href":"https:\/\/www.externacorporativo.com\/es\/wp-json\/wp\/v2\/posts\/1670"}],"collection":[{"href":"https:\/\/www.externacorporativo.com\/es\/wp-json\/wp\/v2\/posts"}],"about":[{"href":"https:\/\/www.externacorporativo.com\/es\/wp-json\/wp\/v2\/types\/post"}],"author":[{"embeddable":true,"href":"https:\/\/www.externacorporativo.com\/es\/wp-json\/wp\/v2\/users\/2"}],"replies":[{"embeddable":true,"href":"https:\/\/www.externacorporativo.com\/es\/wp-json\/wp\/v2\/comments?post=1670"}],"version-history":[{"count":1,"href":"https:\/\/www.externacorporativo.com\/es\/wp-json\/wp\/v2\/posts\/1670\/revisions"}],"predecessor-version":[{"id":2512,"href":"https:\/\/www.externacorporativo.com\/es\/wp-json\/wp\/v2\/posts\/1670\/revisions\/2512"}],"wp:attachment":[{"href":"https:\/\/www.externacorporativo.com\/es\/wp-json\/wp\/v2\/media?parent=1670"}],"wp:term":[{"taxonomy":"category","embeddable":true,"href":"https:\/\/www.externacorporativo.com\/es\/wp-json\/wp\/v2\/categories?post=1670"},{"taxonomy":"post_tag","embeddable":true,"href":"https:\/\/www.externacorporativo.com\/es\/wp-json\/wp\/v2\/tags?post=1670"}],"curies":[{"name":"wp","href":"https:\/\/api.w.org\/{rel}","templated":true}]}}