{"id":1676,"date":"2023-06-01T07:27:58","date_gmt":"2023-06-01T07:27:58","guid":{"rendered":"https:\/\/www.externacorporativo.com\/francia-medidas-de-emergencia-guerra-sanitaria-contra-el-covid-19-3\/"},"modified":"2023-06-01T07:27:58","modified_gmt":"2023-06-01T07:27:58","slug":"francia-medidas-de-emergencia-guerra-sanitaria-contra-el-covid-19-3","status":"publish","type":"post","link":"https:\/\/www.externacorporativo.com\/es\/francia-medidas-de-emergencia-guerra-sanitaria-contra-el-covid-19-3\/","title":{"rendered":"FRANCIA:  Medidas de emergencia. Guerra sanitaria contra el COVID-19"},"content":{"rendered":"<p style=\"text-align: justify;\">Desde el 17 de marzo 2020, tambi\u00e9n Francia ha tomado medidas para controlar la propagaci\u00f3n del COVID-19 y sus efectos en la poblaci\u00f3n y en la econom\u00eda.<\/p>\n<p style=\"text-align: justify;\">Los desplazamientos de los ciudadanos franceses est\u00e1n limitados de forma similar a como lo est\u00e1n en Espa\u00f1a, estando solo permitidos para trabajar cuando el teletrabajo no sea posible, compras de primera necesidad, cuidado de mayores y transportes y sanitarios.<\/p>\n<p style=\"text-align: justify;\">Sin embargo, s\u00ed se ha establecido en el pa\u00eds vecino la obligaci\u00f3n de portar un documento que acredite tales desplazamientos; para <u>cada desplazamiento no profesional<\/u> se debe rellenar un <u>formulario espec\u00edfico<\/u> que el Gobierno ha facilitado para que cada ciudadano cumplimente con el motivo expreso que le obliga a salir de casa (compra de alimentos, cuidados de un familiar,\u2026) y de cada vez que lo haga.<\/p>\n<p style=\"text-align: justify;\">Sin embargo, para <u>las salidas profesionales y al lugar de trabajo<\/u>, el empleador facilitar\u00e1 la atestaci\u00f3n con el texto propuesto por el Gobierno bien cumplimentado, pero ser\u00e1 v\u00e1lido para todo el per\u00edodo del estado de emergencia o hasta que las circunstancias obliguen a su modificaci\u00f3n.<\/p>\n<p style=\"text-align: justify;\">Se pueden descargar los modelos en la web www.service-public.fr.<\/p>\n<p style=\"text-align: justify;\"><strong>Desde un punto de vista econ\u00f3mico<\/strong>, el Ministerio de Finanzas franc\u00e9s ha establecido las siguientes medidas:<\/p>\n<ul style=\"text-align: justify;\">\n<li><u>Pr\u00f3rroga en los plazos de pago de cotizaciones sociales y obligaciones fiscales.<\/u> Se permite incluso retrasar los que ya est\u00e9n declarados y en curso, a trav\u00e9s de la plataforma SEPA. Posibilidad de devoluci\u00f3n de impuestos directos en los casos m\u00e1s dif\u00edciles, que requerir\u00e1n estudio individualizado.<\/li>\n<\/ul>\n<ul style=\"text-align: justify;\">\n<li><u>Suspensi\u00f3n de alquileres de locales comerciales, facturas de agua, gas y electricidad para PYMES en dificultades<\/u>. Se debe solicitar por escrito a cada entidad suministradora y al arrendador, y se prev\u00e9 de momento que sea v\u00e1lida la suspensi\u00f3n durante el mes de abril 2020.<\/li>\n<\/ul>\n<ul style=\"text-align: justify;\">\n<li><u>Ayuda de 1.500 euros para peque\u00f1as empresas, aut\u00f3nomos y microempresas con cargo al fondo solidario<\/u>, siempre que facturen habitualmente menos de 1 Mill\u00f3n de Euros y hayan visto reducida su facturaci\u00f3n en el mes de marzo en m\u00e1s de un 70%. Deber\u00e1n solicitarlo expresamente pero el proceso es inmediato y autom\u00e1tico, sujeto a comprobaciones posteriores. Casos m\u00e1s extremos podr\u00e1n ser estudiados y susceptibles de ayudas especiales para evitar el cierre. Se gestionar\u00e1n tales ayudas a partir del 31 de marzo.<\/li>\n<\/ul>\n<ul style=\"text-align: justify;\">\n<li><u>Garant\u00eda de las l\u00edneas de efectivo para apoyar el financiamiento bancario a empresas<\/u>: Hasta 300 mil millones de Euros ha comprometido el gobierno franc\u00e9s a estos efectos. El prop\u00f3sito de este sistema es facilitar el efectivo necesario que las empresas puedan continuar su actividad y preservar el empleo.<\/li>\n<\/ul>\n<p style=\"text-align: justify;\">Podr\u00e1 cubrir todos los nuevos pr\u00e9stamos en efectivo otorgados desde el 16 de marzo hasta el 31 de diciembre de 2020. Estos pr\u00e9stamos no pueden estar sujetos a ninguna otra garant\u00eda. Adem\u00e1s, los bancos franceses se han comprometido a posponer el reembolso de pr\u00e9stamos corporativos hasta 6 meses sin cargo.<\/p>\n<ul style=\"text-align: justify;\">\n<li><u>Apoyo del Estado y del Banco de Francia (mediaci\u00f3n crediticia) para negociar reprogramaci\u00f3n de cr\u00e9ditos bancario<\/u>: La mediaci\u00f3n crediticia es un sistema p\u00fablico que ayuda a cualquier empresa que encuentre dificultades con una o m\u00e1s instituciones financieras (bancos, empresas de cr\u00e9dito, aseguradoras de cr\u00e9dito, etc.).<\/li>\n<\/ul>\n<p style=\"text-align: justify;\">Est\u00e1 presente en todo el pa\u00eds, a trav\u00e9s de 105 mediadores de cr\u00e9dito que son los directores de la Banque de France en Francia continental y los directores de los institutos emisores de Francia en el extranjero.<\/p>\n<p style=\"text-align: justify;\">Se establece un sistema por el cual, en 48 horas, tras la solicitud de esta mediaci\u00f3n, \u00e9ste deber\u00e1 ponerse en contacto con el solicitante para definir un plan de acci\u00f3n.<\/p>\n<ul style=\"text-align: justify;\">\n<li><u>Medidas para mantener el empleo en las empresas a trav\u00e9s del sistema de desempleo parcial simplificado y reforzado<\/u>: Se prev\u00e9 que las compa\u00f1\u00edas paguen una compensaci\u00f3n equivalente al 70% del salario a sus empleados. Los empleados con salario m\u00ednimo o menos son 100% compensados. Y por su parte, el Estado reembolsar\u00e1 \u00edntegramente a la empresa, por sueldos de hasta 6.927 euros brutos mensuales, es decir, 4,5 veces el salario m\u00ednimo.<\/li>\n<\/ul>\n<p style=\"text-align: justify;\">Adem\u00e1s, desde el 16 de marzo, el Ministerio de Trabajo franc\u00e9s indic\u00f3 que las empresas tendr\u00e1n 30 d\u00edas para completar su solicitud de desempleo parcial, con efecto retroactivo.<\/p>\n<ul style=\"text-align: justify;\">\n<li><u>Apoyo en conflicto con clientes o proveedores por parte del Mediador de negocios.<\/u> Se trata de una figura para evitar la judicializaci\u00f3n de conflictos cuando a\u00fan no son graves. Este servicio ofrece mediaci\u00f3n gratuita, r\u00e1pida y receptiva.<\/li>\n<\/ul>\n<p style=\"text-align: justify;\">Un mediador se comunica con la persona que presenta la reclamaci\u00f3n en un plazo de 7 d\u00edas para definir un plan de acci\u00f3n confidencial. Los secretos comerciales se conservan, al igual que la reputaci\u00f3n de las empresas. Cualquier disputa relacionada con la ejecuci\u00f3n de un contrato de derecho privado o servicio p\u00fablico, puede ser objeto de una intermediaci\u00f3n de esta figura (por ejemplo: pago atrasado, servicios o bienes no conformes,&#8230;)<\/p>\n<ul style=\"text-align: justify;\">\n<li>Reconocimiento por parte de las autoridades estatales y locales del Coronavirus como un caso de <u>fuerza mayor para sus contratos p\u00fablicos<\/u>. No se aplicar\u00e1n las penalizaciones por demora en su cumplimiento.<\/li>\n<\/ul>\n<p style=\"text-align: justify;\"><strong>En el \u00e1mbito societario<\/strong>, siguiendo la orden del Ministerio de Solidaridad y Salud del 4 de marzo de 2020 respecto a las reuniones p\u00fablicas, se indica a las sociedades que deben votar en las juntas generales sin estar f\u00edsicamente presentes, por lo tanto, al igual que en todos los pa\u00edses, y Espa\u00f1a, que est\u00e1n tomando medidas al respecto, se permiten las <u>reuniones no presenciales<\/u>. Los accionistas podr\u00e1n formular preguntas por escrito sobre asuntos relacionados con la junta general en aplicaci\u00f3n del art\u00edculo L. 225-108 del C\u00f3digo de Comercio franc\u00e9s.<\/p>\n<p style=\"text-align: justify;\">Concretamente, para la <u>votaci\u00f3n remota<\/u>, en el contexto del COVID 19, un accionista podr\u00e1 expresar su voto de varias maneras:<\/p>\n<ul style=\"text-align: justify;\">\n<li>Voto por correo usando un formulario de votaci\u00f3n. Los formularios electr\u00f3nicos de votaci\u00f3n a distancia hasta el d\u00eda anterior a la reuni\u00f3n, a m\u00e1s tardar a las 3:00 p.m.<\/li>\n<li>Dar un mandato de votaci\u00f3n a una persona de su elecci\u00f3n, siempre que no sea \u00aben blanco\u00bb.<\/li>\n<\/ul>\n<p style=\"text-align: justify;\">Para las empresas que coticen en bolsa los formularios de votaci\u00f3n por correo y voto por poder, deber\u00e1n estar disponibles en el sitio web de la empresa con antelaci\u00f3n suficiente, excepto en los casos en que el responsable env\u00ede estos formularios a todos sus accionistas de modo fehaciente.<\/p>\n<p style=\"text-align: justify;\"><strong>En relaci\u00f3n a los extranjeros en este pa\u00eds<\/strong>, el COVID 19 ha supuesto la prolongaci\u00f3n de la <u>validez, durante tres mese<\/u>s, de los siguientes documentos que caduquen a partir del 16 de marzo:<\/p>\n<ul style=\"text-align: justify;\">\n<li>Visados de larga duraci\u00f3n<\/li>\n<li>Todos los permisos de residencia (excepto los permisos especiales emitidos al personal diplom\u00e1tico y consular extranjero)<\/li>\n<li>Permisos de residencia provisionales<\/li>\n<li>Certificados de solicitud de asilo<\/li>\n<\/ul>\n<p style=\"text-align: justify;\">Esta validez ser\u00e1 autom\u00e1tica y <u>se extiende a los derechos sociales y al derecho al trabajo<\/u> de sus titulares.<\/p>\n","protected":false},"excerpt":{"rendered":"<p>FRANCIA:  Medidas de emergencia. Guerra sanitaria contra el COVID-19<\/p>\n","protected":false},"author":2,"featured_media":0,"comment_status":"open","ping_status":"open","sticky":false,"template":"","format":"standard","meta":[],"categories":[],"tags":[],"yoast_head":"<!-- This site is optimized with the Yoast SEO plugin v20.0 - https:\/\/yoast.com\/wordpress\/plugins\/seo\/ -->\n<title>FRANCIA: Medidas de emergencia. Guerra sanitaria contra el COVID-19 - Externa<\/title>\n<meta name=\"robots\" content=\"index, follow, max-snippet:-1, max-image-preview:large, max-video-preview:-1\" \/>\n<link rel=\"canonical\" href=\"https:\/\/www.externacorporativo.com\/es\/francia-medidas-de-emergencia-guerra-sanitaria-contra-el-covid-19-3\/\" \/>\n<meta property=\"og:locale\" content=\"es_ES\" \/>\n<meta property=\"og:type\" content=\"article\" \/>\n<meta property=\"og:title\" content=\"FRANCIA: Medidas de emergencia. Guerra sanitaria contra el COVID-19 - Externa\" \/>\n<meta property=\"og:description\" content=\"FRANCIA: Medidas de emergencia. Guerra sanitaria contra el COVID-19\" \/>\n<meta property=\"og:url\" content=\"https:\/\/www.externacorporativo.com\/es\/francia-medidas-de-emergencia-guerra-sanitaria-contra-el-covid-19-3\/\" \/>\n<meta property=\"og:site_name\" content=\"Externa\" \/>\n<meta property=\"article:published_time\" content=\"2023-06-01T07:27:58+00:00\" \/>\n<meta name=\"author\" content=\"Programacion\" \/>\n<meta name=\"twitter:card\" content=\"summary_large_image\" \/>\n<meta name=\"twitter:label1\" content=\"Escrito por\" \/>\n\t<meta name=\"twitter:data1\" content=\"Programacion\" \/>\n\t<meta name=\"twitter:label2\" content=\"Tiempo de lectura\" \/>\n\t<meta name=\"twitter:data2\" content=\"6 minutos\" \/>\n<script type=\"application\/ld+json\" class=\"yoast-schema-graph\">{\"@context\":\"https:\/\/schema.org\",\"@graph\":[{\"@type\":\"Article\",\"@id\":\"https:\/\/www.externacorporativo.com\/es\/francia-medidas-de-emergencia-guerra-sanitaria-contra-el-covid-19-3\/#article\",\"isPartOf\":{\"@id\":\"https:\/\/www.externacorporativo.com\/es\/francia-medidas-de-emergencia-guerra-sanitaria-contra-el-covid-19-3\/\"},\"author\":{\"name\":\"Programacion\",\"@id\":\"https:\/\/www.externacorporativo.com\/es\/#\/schema\/person\/bdc7fa484ed4f3510b0ec3c089989e97\"},\"headline\":\"FRANCIA: Medidas de emergencia. Guerra sanitaria contra el COVID-19\",\"datePublished\":\"2023-06-01T07:27:58+00:00\",\"dateModified\":\"2023-06-01T07:27:58+00:00\",\"mainEntityOfPage\":{\"@id\":\"https:\/\/www.externacorporativo.com\/es\/francia-medidas-de-emergencia-guerra-sanitaria-contra-el-covid-19-3\/\"},\"wordCount\":1195,\"commentCount\":0,\"publisher\":{\"@id\":\"https:\/\/www.externacorporativo.com\/es\/#organization\"},\"inLanguage\":\"es\",\"potentialAction\":[{\"@type\":\"CommentAction\",\"name\":\"Comment\",\"target\":[\"https:\/\/www.externacorporativo.com\/es\/francia-medidas-de-emergencia-guerra-sanitaria-contra-el-covid-19-3\/#respond\"]}]},{\"@type\":\"WebPage\",\"@id\":\"https:\/\/www.externacorporativo.com\/es\/francia-medidas-de-emergencia-guerra-sanitaria-contra-el-covid-19-3\/\",\"url\":\"https:\/\/www.externacorporativo.com\/es\/francia-medidas-de-emergencia-guerra-sanitaria-contra-el-covid-19-3\/\",\"name\":\"FRANCIA: Medidas de emergencia. Guerra sanitaria contra el COVID-19 - Externa\",\"isPartOf\":{\"@id\":\"https:\/\/www.externacorporativo.com\/es\/#website\"},\"datePublished\":\"2023-06-01T07:27:58+00:00\",\"dateModified\":\"2023-06-01T07:27:58+00:00\",\"breadcrumb\":{\"@id\":\"https:\/\/www.externacorporativo.com\/es\/francia-medidas-de-emergencia-guerra-sanitaria-contra-el-covid-19-3\/#breadcrumb\"},\"inLanguage\":\"es\",\"potentialAction\":[{\"@type\":\"ReadAction\",\"target\":[\"https:\/\/www.externacorporativo.com\/es\/francia-medidas-de-emergencia-guerra-sanitaria-contra-el-covid-19-3\/\"]}]},{\"@type\":\"BreadcrumbList\",\"@id\":\"https:\/\/www.externacorporativo.com\/es\/francia-medidas-de-emergencia-guerra-sanitaria-contra-el-covid-19-3\/#breadcrumb\",\"itemListElement\":[{\"@type\":\"ListItem\",\"position\":1,\"name\":\"Portada\",\"item\":\"https:\/\/www.externacorporativo.com\/es\/\"},{\"@type\":\"ListItem\",\"position\":2,\"name\":\"FRANCIA: Medidas de emergencia. Guerra sanitaria contra el COVID-19\"}]},{\"@type\":\"WebSite\",\"@id\":\"https:\/\/www.externacorporativo.com\/es\/#website\",\"url\":\"https:\/\/www.externacorporativo.com\/es\/\",\"name\":\"Externa\",\"description\":\"\",\"publisher\":{\"@id\":\"https:\/\/www.externacorporativo.com\/es\/#organization\"},\"potentialAction\":[{\"@type\":\"SearchAction\",\"target\":{\"@type\":\"EntryPoint\",\"urlTemplate\":\"https:\/\/www.externacorporativo.com\/es\/?s={search_term_string}\"},\"query-input\":\"required name=search_term_string\"}],\"inLanguage\":\"es\"},{\"@type\":\"Organization\",\"@id\":\"https:\/\/www.externacorporativo.com\/es\/#organization\",\"name\":\"Externa\",\"url\":\"https:\/\/www.externacorporativo.com\/es\/\",\"logo\":{\"@type\":\"ImageObject\",\"inLanguage\":\"es\",\"@id\":\"https:\/\/www.externacorporativo.com\/es\/#\/schema\/logo\/image\/\",\"url\":\"https:\/\/www.externacorporativo.com\/wp-content\/uploads\/2023\/04\/Sin-nombre.png\",\"contentUrl\":\"https:\/\/www.externacorporativo.com\/wp-content\/uploads\/2023\/04\/Sin-nombre.png\",\"width\":297,\"height\":109,\"caption\":\"Externa\"},\"image\":{\"@id\":\"https:\/\/www.externacorporativo.com\/es\/#\/schema\/logo\/image\/\"}},{\"@type\":\"Person\",\"@id\":\"https:\/\/www.externacorporativo.com\/es\/#\/schema\/person\/bdc7fa484ed4f3510b0ec3c089989e97\",\"name\":\"Programacion\",\"image\":{\"@type\":\"ImageObject\",\"inLanguage\":\"es\",\"@id\":\"https:\/\/www.externacorporativo.com\/es\/#\/schema\/person\/image\/\",\"url\":\"https:\/\/secure.gravatar.com\/avatar\/b46a7287724b495183c8c832facd7442?s=96&d=mm&r=g\",\"contentUrl\":\"https:\/\/secure.gravatar.com\/avatar\/b46a7287724b495183c8c832facd7442?s=96&d=mm&r=g\",\"caption\":\"Programacion\"},\"url\":\"https:\/\/www.externacorporativo.com\/es\/author\/programacion\/\"}]}<\/script>\n<!-- \/ Yoast SEO plugin. -->","yoast_head_json":{"title":"FRANCIA: Medidas de emergencia. Guerra sanitaria contra el COVID-19 - Externa","robots":{"index":"index","follow":"follow","max-snippet":"max-snippet:-1","max-image-preview":"max-image-preview:large","max-video-preview":"max-video-preview:-1"},"canonical":"https:\/\/www.externacorporativo.com\/es\/francia-medidas-de-emergencia-guerra-sanitaria-contra-el-covid-19-3\/","og_locale":"es_ES","og_type":"article","og_title":"FRANCIA: Medidas de emergencia. Guerra sanitaria contra el COVID-19 - Externa","og_description":"FRANCIA: Medidas de emergencia. Guerra sanitaria contra el COVID-19","og_url":"https:\/\/www.externacorporativo.com\/es\/francia-medidas-de-emergencia-guerra-sanitaria-contra-el-covid-19-3\/","og_site_name":"Externa","article_published_time":"2023-06-01T07:27:58+00:00","author":"Programacion","twitter_card":"summary_large_image","twitter_misc":{"Escrito por":"Programacion","Tiempo de lectura":"6 minutos"},"schema":{"@context":"https:\/\/schema.org","@graph":[{"@type":"Article","@id":"https:\/\/www.externacorporativo.com\/es\/francia-medidas-de-emergencia-guerra-sanitaria-contra-el-covid-19-3\/#article","isPartOf":{"@id":"https:\/\/www.externacorporativo.com\/es\/francia-medidas-de-emergencia-guerra-sanitaria-contra-el-covid-19-3\/"},"author":{"name":"Programacion","@id":"https:\/\/www.externacorporativo.com\/es\/#\/schema\/person\/bdc7fa484ed4f3510b0ec3c089989e97"},"headline":"FRANCIA: Medidas de emergencia. Guerra sanitaria contra el COVID-19","datePublished":"2023-06-01T07:27:58+00:00","dateModified":"2023-06-01T07:27:58+00:00","mainEntityOfPage":{"@id":"https:\/\/www.externacorporativo.com\/es\/francia-medidas-de-emergencia-guerra-sanitaria-contra-el-covid-19-3\/"},"wordCount":1195,"commentCount":0,"publisher":{"@id":"https:\/\/www.externacorporativo.com\/es\/#organization"},"inLanguage":"es","potentialAction":[{"@type":"CommentAction","name":"Comment","target":["https:\/\/www.externacorporativo.com\/es\/francia-medidas-de-emergencia-guerra-sanitaria-contra-el-covid-19-3\/#respond"]}]},{"@type":"WebPage","@id":"https:\/\/www.externacorporativo.com\/es\/francia-medidas-de-emergencia-guerra-sanitaria-contra-el-covid-19-3\/","url":"https:\/\/www.externacorporativo.com\/es\/francia-medidas-de-emergencia-guerra-sanitaria-contra-el-covid-19-3\/","name":"FRANCIA: Medidas de emergencia. Guerra sanitaria contra el COVID-19 - Externa","isPartOf":{"@id":"https:\/\/www.externacorporativo.com\/es\/#website"},"datePublished":"2023-06-01T07:27:58+00:00","dateModified":"2023-06-01T07:27:58+00:00","breadcrumb":{"@id":"https:\/\/www.externacorporativo.com\/es\/francia-medidas-de-emergencia-guerra-sanitaria-contra-el-covid-19-3\/#breadcrumb"},"inLanguage":"es","potentialAction":[{"@type":"ReadAction","target":["https:\/\/www.externacorporativo.com\/es\/francia-medidas-de-emergencia-guerra-sanitaria-contra-el-covid-19-3\/"]}]},{"@type":"BreadcrumbList","@id":"https:\/\/www.externacorporativo.com\/es\/francia-medidas-de-emergencia-guerra-sanitaria-contra-el-covid-19-3\/#breadcrumb","itemListElement":[{"@type":"ListItem","position":1,"name":"Portada","item":"https:\/\/www.externacorporativo.com\/es\/"},{"@type":"ListItem","position":2,"name":"FRANCIA: Medidas de emergencia. Guerra sanitaria contra el COVID-19"}]},{"@type":"WebSite","@id":"https:\/\/www.externacorporativo.com\/es\/#website","url":"https:\/\/www.externacorporativo.com\/es\/","name":"Externa","description":"","publisher":{"@id":"https:\/\/www.externacorporativo.com\/es\/#organization"},"potentialAction":[{"@type":"SearchAction","target":{"@type":"EntryPoint","urlTemplate":"https:\/\/www.externacorporativo.com\/es\/?s={search_term_string}"},"query-input":"required name=search_term_string"}],"inLanguage":"es"},{"@type":"Organization","@id":"https:\/\/www.externacorporativo.com\/es\/#organization","name":"Externa","url":"https:\/\/www.externacorporativo.com\/es\/","logo":{"@type":"ImageObject","inLanguage":"es","@id":"https:\/\/www.externacorporativo.com\/es\/#\/schema\/logo\/image\/","url":"https:\/\/www.externacorporativo.com\/wp-content\/uploads\/2023\/04\/Sin-nombre.png","contentUrl":"https:\/\/www.externacorporativo.com\/wp-content\/uploads\/2023\/04\/Sin-nombre.png","width":297,"height":109,"caption":"Externa"},"image":{"@id":"https:\/\/www.externacorporativo.com\/es\/#\/schema\/logo\/image\/"}},{"@type":"Person","@id":"https:\/\/www.externacorporativo.com\/es\/#\/schema\/person\/bdc7fa484ed4f3510b0ec3c089989e97","name":"Programacion","image":{"@type":"ImageObject","inLanguage":"es","@id":"https:\/\/www.externacorporativo.com\/es\/#\/schema\/person\/image\/","url":"https:\/\/secure.gravatar.com\/avatar\/b46a7287724b495183c8c832facd7442?s=96&d=mm&r=g","contentUrl":"https:\/\/secure.gravatar.com\/avatar\/b46a7287724b495183c8c832facd7442?s=96&d=mm&r=g","caption":"Programacion"},"url":"https:\/\/www.externacorporativo.com\/es\/author\/programacion\/"}]}},"_links":{"self":[{"href":"https:\/\/www.externacorporativo.com\/es\/wp-json\/wp\/v2\/posts\/1676"}],"collection":[{"href":"https:\/\/www.externacorporativo.com\/es\/wp-json\/wp\/v2\/posts"}],"about":[{"href":"https:\/\/www.externacorporativo.com\/es\/wp-json\/wp\/v2\/types\/post"}],"author":[{"embeddable":true,"href":"https:\/\/www.externacorporativo.com\/es\/wp-json\/wp\/v2\/users\/2"}],"replies":[{"embeddable":true,"href":"https:\/\/www.externacorporativo.com\/es\/wp-json\/wp\/v2\/comments?post=1676"}],"version-history":[{"count":1,"href":"https:\/\/www.externacorporativo.com\/es\/wp-json\/wp\/v2\/posts\/1676\/revisions"}],"predecessor-version":[{"id":2518,"href":"https:\/\/www.externacorporativo.com\/es\/wp-json\/wp\/v2\/posts\/1676\/revisions\/2518"}],"wp:attachment":[{"href":"https:\/\/www.externacorporativo.com\/es\/wp-json\/wp\/v2\/media?parent=1676"}],"wp:term":[{"taxonomy":"category","embeddable":true,"href":"https:\/\/www.externacorporativo.com\/es\/wp-json\/wp\/v2\/categories?post=1676"},{"taxonomy":"post_tag","embeddable":true,"href":"https:\/\/www.externacorporativo.com\/es\/wp-json\/wp\/v2\/tags?post=1676"}],"curies":[{"name":"wp","href":"https:\/\/api.w.org\/{rel}","templated":true}]}}