{"id":1691,"date":"2023-06-01T07:28:01","date_gmt":"2023-06-01T07:28:01","guid":{"rendered":"https:\/\/www.externacorporativo.com\/portugal-en-estado-de-emergencia-por-el-covid-19-decreto-presidencial-n-o-14-a-2020-de-18-de-marzo-3\/"},"modified":"2023-06-01T07:28:01","modified_gmt":"2023-06-01T07:28:01","slug":"portugal-en-estado-de-emergencia-por-el-covid-19-decreto-presidencial-n-o-14-a-2020-de-18-de-marzo-3","status":"publish","type":"post","link":"https:\/\/www.externacorporativo.com\/es\/portugal-en-estado-de-emergencia-por-el-covid-19-decreto-presidencial-n-o-14-a-2020-de-18-de-marzo-3\/","title":{"rendered":"PORTUGAL \u2013 EN ESTADO DE EMERGENCIA POR EL COVID-19: Decreto Presidencial n.\u00ba 14-A\/2020, de 18 de marzo."},"content":{"rendered":"<p style=\"text-align: justify;\">En Portugal tambi\u00e9n se han visto obligados a tomar medidas aceleradas para frenar la pandemia ocasionada por el COVID-19. El Decreto presidencial determina la suspensi\u00f3n parcial de determinados derechos fundamentales con el alcance que en el mismo se precisa y dentro del marco del principio de proporcionalidad. Estos derechos afectados son:<\/p>\n<ol style=\"text-align: justify;\">\n<li>a) Derecho de tr\u00e1nsito y establecimiento en cualquier parte del territorio nacional;<\/li>\n<li>b) Propiedad e iniciativa econ\u00f3mica privada;<\/li>\n<li>c) Derechos de los trabajadores;<\/li>\n<li>d) Circulaci\u00f3n internacional;<\/li>\n<li>e) Derechos de reuni\u00f3n y de manifestaci\u00f3n;<\/li>\n<li>f) Libertad de culto, en su dimensi\u00f3n colectiva; y<\/li>\n<li>g) Derecho de resistencia<\/li>\n<\/ol>\n<p style=\"text-align: justify;\">Debemos distinguir dos tipos de medidas:<\/p>\n<ul style=\"text-align: justify;\">\n<li>La de inmediata aplicaci\u00f3n a los ciudadanos y operadores econ\u00f3micos (limitaci\u00f3n a la libertad de circulaci\u00f3n y de iniciativa econ\u00f3mica privada) y<\/li>\n<li>Las que deben regularse posteriormente a trav\u00e9s de reglamentos o actos administrativos de ejecuci\u00f3n.<\/li>\n<\/ul>\n<p style=\"text-align: justify;\"><strong>A nivel empresarial<\/strong> destaca la premisa de mantener los puestos de trabajo y la continuidad de los negocios, y en esa l\u00ednea, se han desarrollado las medidas de apoyo extraordinarias en pa\u00eds vecino en los casos de:<\/p>\n<ul style=\"text-align: justify;\">\n<li>parada total de la actividad de la empresa o por interrupci\u00f3n del abastecimiento; suspensi\u00f3n o cancelaci\u00f3n de encargos,<\/li>\n<li>empresas con ca\u00edda del 40 % de la facturaci\u00f3n o aquellas que haya iniciado su actividad en los 12 meses previos al estado de emergencia.<\/li>\n<\/ul>\n<p style=\"text-align: justify;\">Ser\u00e1 preciso indicar tales condiciones a trav\u00e9s de una declaraci\u00f3n del empleador y con un certificado de su auditor, adjuntando datos contables, financieros y \u00faltimas declaraciones fiscales.<\/p>\n<p style=\"text-align: justify;\">Durante el periodo de aplicaci\u00f3n de esta medida, la Seguridad Social garantizar\u00e1 el pago del 70 % de dos tercios de la remuneraci\u00f3n bruta mensual del trabajador, siendo aplicable a \u00e9sta un l\u00edmite m\u00e1ximo de tres salarios m\u00ednimos mensuales garantizados (\u20ac1.905,00). Esta ayuda tendr\u00e1 la duraci\u00f3n de un mes y podr\u00e1 ser, excepcionalmente, prorrogable mensualmente, hasta un m\u00e1ximo de 6 meses.<\/p>\n<p style=\"text-align: justify;\">Adem\u00e1s, se establece un r\u00e9gimen extraordinario y temporal de suspensi\u00f3n de las cotizaciones a la Seguridad Social.<\/p>\n<p style=\"text-align: justify;\"><strong>En el plano societario<\/strong>, el plazo legal o estatutario para la celebraci\u00f3n de Juntas Generales de sociedades, asociaciones o cooperativas para la rendici\u00f3n de cuentas debe producirse en el plazo de 3 meses tras el fin del ejercicio, y \u00e9ste ha sido prorrogado hasta el 30 de junio 2020, o en el plazo de cinco meses desde la fecha en la que las sociedades deban presentar cuentas consolidadas.<\/p>\n<p style=\"text-align: justify;\">En el <strong>sector inmobiliario<\/strong>, si bien quedan suspendidos los desahucios, las ejecuciones de hipotecas en los casos de vivienda principal y los efectos de denuncias interpuestas por propietarios en todo tipo de contratos de arrendamiento, se aclara que, NO se podr\u00e1 invocar, el cierre de instalaciones y establecimientos como fundamento de resoluci\u00f3n, denuncia u otra forma de extinci\u00f3n de contratos de arrendamiento que no sean para uso de vivienda o de explotaciones de inmuebles, ni como fundamento de la obligaci\u00f3n de desocupaci\u00f3n de inmuebles ocupados.<\/p>\n<p style=\"text-align: justify;\"><strong>A nivel tributario<\/strong>, se han adoptado medidas, principalmente relativas a la ampliaci\u00f3n de plazos de pagos a cuenta y de declaraciones de impuestos generales.<\/p>\n<p style=\"text-align: justify;\">Como podemos ver, bastante deficientes por ahora las medidas adoptadas en el pa\u00eds vecino, esperando sin duda a conocer mejor el impacto que pueda producir la pandemia en una econom\u00eda ya no demasiado brillante en los \u00faltimos tiempos.<\/p>\n","protected":false},"excerpt":{"rendered":"<p>En Portugal tambi\u00e9n se han visto obligados a tomar medidas aceleradas para frenar la pandemia ocasionada por el COVID-19. El Decreto presidencial determina la suspensi\u00f3n parcial de determinados derechos fundamentales con el alcance que en el mismo se precisa y dentro del marco del principio de proporcionalidad. Estos derechos afectados son: a) Derecho de tr\u00e1nsito [&hellip;]<\/p>\n","protected":false},"author":2,"featured_media":0,"comment_status":"open","ping_status":"open","sticky":false,"template":"","format":"standard","meta":[],"categories":[],"tags":[],"yoast_head":"<!-- This site is optimized with the Yoast SEO plugin v20.0 - https:\/\/yoast.com\/wordpress\/plugins\/seo\/ -->\n<title>PORTUGAL \u2013 EN ESTADO DE EMERGENCIA POR EL COVID-19: Decreto Presidencial n.\u00ba 14-A\/2020, de 18 de marzo. - Externa<\/title>\n<meta name=\"robots\" content=\"index, follow, max-snippet:-1, max-image-preview:large, max-video-preview:-1\" \/>\n<link rel=\"canonical\" href=\"https:\/\/www.externacorporativo.com\/es\/portugal-en-estado-de-emergencia-por-el-covid-19-decreto-presidencial-n-o-14-a-2020-de-18-de-marzo-3\/\" \/>\n<meta property=\"og:locale\" content=\"es_ES\" \/>\n<meta property=\"og:type\" content=\"article\" \/>\n<meta property=\"og:title\" content=\"PORTUGAL \u2013 EN ESTADO DE EMERGENCIA POR EL COVID-19: Decreto Presidencial n.\u00ba 14-A\/2020, de 18 de marzo. - Externa\" \/>\n<meta property=\"og:description\" content=\"En Portugal tambi\u00e9n se han visto obligados a tomar medidas aceleradas para frenar la pandemia ocasionada por el COVID-19. El Decreto presidencial determina la suspensi\u00f3n parcial de determinados derechos fundamentales con el alcance que en el mismo se precisa y dentro del marco del principio de proporcionalidad. Estos derechos afectados son: a) Derecho de tr\u00e1nsito [&hellip;]\" \/>\n<meta property=\"og:url\" content=\"https:\/\/www.externacorporativo.com\/es\/portugal-en-estado-de-emergencia-por-el-covid-19-decreto-presidencial-n-o-14-a-2020-de-18-de-marzo-3\/\" \/>\n<meta property=\"og:site_name\" content=\"Externa\" \/>\n<meta property=\"article:published_time\" content=\"2023-06-01T07:28:01+00:00\" \/>\n<meta name=\"author\" content=\"Programacion\" \/>\n<meta name=\"twitter:card\" content=\"summary_large_image\" \/>\n<meta name=\"twitter:label1\" content=\"Escrito por\" \/>\n\t<meta name=\"twitter:data1\" content=\"Programacion\" \/>\n\t<meta name=\"twitter:label2\" content=\"Tiempo de lectura\" \/>\n\t<meta name=\"twitter:data2\" content=\"3 minutos\" \/>\n<script type=\"application\/ld+json\" class=\"yoast-schema-graph\">{\"@context\":\"https:\/\/schema.org\",\"@graph\":[{\"@type\":\"Article\",\"@id\":\"https:\/\/www.externacorporativo.com\/es\/portugal-en-estado-de-emergencia-por-el-covid-19-decreto-presidencial-n-o-14-a-2020-de-18-de-marzo-3\/#article\",\"isPartOf\":{\"@id\":\"https:\/\/www.externacorporativo.com\/es\/portugal-en-estado-de-emergencia-por-el-covid-19-decreto-presidencial-n-o-14-a-2020-de-18-de-marzo-3\/\"},\"author\":{\"name\":\"Programacion\",\"@id\":\"https:\/\/www.externacorporativo.com\/es\/#\/schema\/person\/bdc7fa484ed4f3510b0ec3c089989e97\"},\"headline\":\"PORTUGAL \u2013 EN ESTADO DE EMERGENCIA POR EL COVID-19: Decreto Presidencial n.\u00ba 14-A\/2020, de 18 de marzo.\",\"datePublished\":\"2023-06-01T07:28:01+00:00\",\"dateModified\":\"2023-06-01T07:28:01+00:00\",\"mainEntityOfPage\":{\"@id\":\"https:\/\/www.externacorporativo.com\/es\/portugal-en-estado-de-emergencia-por-el-covid-19-decreto-presidencial-n-o-14-a-2020-de-18-de-marzo-3\/\"},\"wordCount\":587,\"commentCount\":0,\"publisher\":{\"@id\":\"https:\/\/www.externacorporativo.com\/es\/#organization\"},\"inLanguage\":\"es\",\"potentialAction\":[{\"@type\":\"CommentAction\",\"name\":\"Comment\",\"target\":[\"https:\/\/www.externacorporativo.com\/es\/portugal-en-estado-de-emergencia-por-el-covid-19-decreto-presidencial-n-o-14-a-2020-de-18-de-marzo-3\/#respond\"]}]},{\"@type\":\"WebPage\",\"@id\":\"https:\/\/www.externacorporativo.com\/es\/portugal-en-estado-de-emergencia-por-el-covid-19-decreto-presidencial-n-o-14-a-2020-de-18-de-marzo-3\/\",\"url\":\"https:\/\/www.externacorporativo.com\/es\/portugal-en-estado-de-emergencia-por-el-covid-19-decreto-presidencial-n-o-14-a-2020-de-18-de-marzo-3\/\",\"name\":\"PORTUGAL \u2013 EN ESTADO DE EMERGENCIA POR EL COVID-19: Decreto Presidencial n.\u00ba 14-A\/2020, de 18 de marzo. - Externa\",\"isPartOf\":{\"@id\":\"https:\/\/www.externacorporativo.com\/es\/#website\"},\"datePublished\":\"2023-06-01T07:28:01+00:00\",\"dateModified\":\"2023-06-01T07:28:01+00:00\",\"breadcrumb\":{\"@id\":\"https:\/\/www.externacorporativo.com\/es\/portugal-en-estado-de-emergencia-por-el-covid-19-decreto-presidencial-n-o-14-a-2020-de-18-de-marzo-3\/#breadcrumb\"},\"inLanguage\":\"es\",\"potentialAction\":[{\"@type\":\"ReadAction\",\"target\":[\"https:\/\/www.externacorporativo.com\/es\/portugal-en-estado-de-emergencia-por-el-covid-19-decreto-presidencial-n-o-14-a-2020-de-18-de-marzo-3\/\"]}]},{\"@type\":\"BreadcrumbList\",\"@id\":\"https:\/\/www.externacorporativo.com\/es\/portugal-en-estado-de-emergencia-por-el-covid-19-decreto-presidencial-n-o-14-a-2020-de-18-de-marzo-3\/#breadcrumb\",\"itemListElement\":[{\"@type\":\"ListItem\",\"position\":1,\"name\":\"Portada\",\"item\":\"https:\/\/www.externacorporativo.com\/es\/\"},{\"@type\":\"ListItem\",\"position\":2,\"name\":\"PORTUGAL \u2013 EN ESTADO DE EMERGENCIA POR EL COVID-19: Decreto Presidencial n.\u00ba 14-A\/2020, de 18 de marzo.\"}]},{\"@type\":\"WebSite\",\"@id\":\"https:\/\/www.externacorporativo.com\/es\/#website\",\"url\":\"https:\/\/www.externacorporativo.com\/es\/\",\"name\":\"Externa\",\"description\":\"\",\"publisher\":{\"@id\":\"https:\/\/www.externacorporativo.com\/es\/#organization\"},\"potentialAction\":[{\"@type\":\"SearchAction\",\"target\":{\"@type\":\"EntryPoint\",\"urlTemplate\":\"https:\/\/www.externacorporativo.com\/es\/?s={search_term_string}\"},\"query-input\":\"required name=search_term_string\"}],\"inLanguage\":\"es\"},{\"@type\":\"Organization\",\"@id\":\"https:\/\/www.externacorporativo.com\/es\/#organization\",\"name\":\"Externa\",\"url\":\"https:\/\/www.externacorporativo.com\/es\/\",\"logo\":{\"@type\":\"ImageObject\",\"inLanguage\":\"es\",\"@id\":\"https:\/\/www.externacorporativo.com\/es\/#\/schema\/logo\/image\/\",\"url\":\"https:\/\/www.externacorporativo.com\/wp-content\/uploads\/2023\/04\/Sin-nombre.png\",\"contentUrl\":\"https:\/\/www.externacorporativo.com\/wp-content\/uploads\/2023\/04\/Sin-nombre.png\",\"width\":297,\"height\":109,\"caption\":\"Externa\"},\"image\":{\"@id\":\"https:\/\/www.externacorporativo.com\/es\/#\/schema\/logo\/image\/\"}},{\"@type\":\"Person\",\"@id\":\"https:\/\/www.externacorporativo.com\/es\/#\/schema\/person\/bdc7fa484ed4f3510b0ec3c089989e97\",\"name\":\"Programacion\",\"image\":{\"@type\":\"ImageObject\",\"inLanguage\":\"es\",\"@id\":\"https:\/\/www.externacorporativo.com\/es\/#\/schema\/person\/image\/\",\"url\":\"https:\/\/secure.gravatar.com\/avatar\/b46a7287724b495183c8c832facd7442?s=96&d=mm&r=g\",\"contentUrl\":\"https:\/\/secure.gravatar.com\/avatar\/b46a7287724b495183c8c832facd7442?s=96&d=mm&r=g\",\"caption\":\"Programacion\"},\"url\":\"https:\/\/www.externacorporativo.com\/es\/author\/programacion\/\"}]}<\/script>\n<!-- \/ Yoast SEO plugin. -->","yoast_head_json":{"title":"PORTUGAL \u2013 EN ESTADO DE EMERGENCIA POR EL COVID-19: Decreto Presidencial n.\u00ba 14-A\/2020, de 18 de marzo. - Externa","robots":{"index":"index","follow":"follow","max-snippet":"max-snippet:-1","max-image-preview":"max-image-preview:large","max-video-preview":"max-video-preview:-1"},"canonical":"https:\/\/www.externacorporativo.com\/es\/portugal-en-estado-de-emergencia-por-el-covid-19-decreto-presidencial-n-o-14-a-2020-de-18-de-marzo-3\/","og_locale":"es_ES","og_type":"article","og_title":"PORTUGAL \u2013 EN ESTADO DE EMERGENCIA POR EL COVID-19: Decreto Presidencial n.\u00ba 14-A\/2020, de 18 de marzo. - Externa","og_description":"En Portugal tambi\u00e9n se han visto obligados a tomar medidas aceleradas para frenar la pandemia ocasionada por el COVID-19. El Decreto presidencial determina la suspensi\u00f3n parcial de determinados derechos fundamentales con el alcance que en el mismo se precisa y dentro del marco del principio de proporcionalidad. Estos derechos afectados son: a) Derecho de tr\u00e1nsito [&hellip;]","og_url":"https:\/\/www.externacorporativo.com\/es\/portugal-en-estado-de-emergencia-por-el-covid-19-decreto-presidencial-n-o-14-a-2020-de-18-de-marzo-3\/","og_site_name":"Externa","article_published_time":"2023-06-01T07:28:01+00:00","author":"Programacion","twitter_card":"summary_large_image","twitter_misc":{"Escrito por":"Programacion","Tiempo de lectura":"3 minutos"},"schema":{"@context":"https:\/\/schema.org","@graph":[{"@type":"Article","@id":"https:\/\/www.externacorporativo.com\/es\/portugal-en-estado-de-emergencia-por-el-covid-19-decreto-presidencial-n-o-14-a-2020-de-18-de-marzo-3\/#article","isPartOf":{"@id":"https:\/\/www.externacorporativo.com\/es\/portugal-en-estado-de-emergencia-por-el-covid-19-decreto-presidencial-n-o-14-a-2020-de-18-de-marzo-3\/"},"author":{"name":"Programacion","@id":"https:\/\/www.externacorporativo.com\/es\/#\/schema\/person\/bdc7fa484ed4f3510b0ec3c089989e97"},"headline":"PORTUGAL \u2013 EN ESTADO DE EMERGENCIA POR EL COVID-19: Decreto Presidencial n.\u00ba 14-A\/2020, de 18 de marzo.","datePublished":"2023-06-01T07:28:01+00:00","dateModified":"2023-06-01T07:28:01+00:00","mainEntityOfPage":{"@id":"https:\/\/www.externacorporativo.com\/es\/portugal-en-estado-de-emergencia-por-el-covid-19-decreto-presidencial-n-o-14-a-2020-de-18-de-marzo-3\/"},"wordCount":587,"commentCount":0,"publisher":{"@id":"https:\/\/www.externacorporativo.com\/es\/#organization"},"inLanguage":"es","potentialAction":[{"@type":"CommentAction","name":"Comment","target":["https:\/\/www.externacorporativo.com\/es\/portugal-en-estado-de-emergencia-por-el-covid-19-decreto-presidencial-n-o-14-a-2020-de-18-de-marzo-3\/#respond"]}]},{"@type":"WebPage","@id":"https:\/\/www.externacorporativo.com\/es\/portugal-en-estado-de-emergencia-por-el-covid-19-decreto-presidencial-n-o-14-a-2020-de-18-de-marzo-3\/","url":"https:\/\/www.externacorporativo.com\/es\/portugal-en-estado-de-emergencia-por-el-covid-19-decreto-presidencial-n-o-14-a-2020-de-18-de-marzo-3\/","name":"PORTUGAL \u2013 EN ESTADO DE EMERGENCIA POR EL COVID-19: Decreto Presidencial n.\u00ba 14-A\/2020, de 18 de marzo. - Externa","isPartOf":{"@id":"https:\/\/www.externacorporativo.com\/es\/#website"},"datePublished":"2023-06-01T07:28:01+00:00","dateModified":"2023-06-01T07:28:01+00:00","breadcrumb":{"@id":"https:\/\/www.externacorporativo.com\/es\/portugal-en-estado-de-emergencia-por-el-covid-19-decreto-presidencial-n-o-14-a-2020-de-18-de-marzo-3\/#breadcrumb"},"inLanguage":"es","potentialAction":[{"@type":"ReadAction","target":["https:\/\/www.externacorporativo.com\/es\/portugal-en-estado-de-emergencia-por-el-covid-19-decreto-presidencial-n-o-14-a-2020-de-18-de-marzo-3\/"]}]},{"@type":"BreadcrumbList","@id":"https:\/\/www.externacorporativo.com\/es\/portugal-en-estado-de-emergencia-por-el-covid-19-decreto-presidencial-n-o-14-a-2020-de-18-de-marzo-3\/#breadcrumb","itemListElement":[{"@type":"ListItem","position":1,"name":"Portada","item":"https:\/\/www.externacorporativo.com\/es\/"},{"@type":"ListItem","position":2,"name":"PORTUGAL \u2013 EN ESTADO DE EMERGENCIA POR EL COVID-19: Decreto Presidencial n.\u00ba 14-A\/2020, de 18 de marzo."}]},{"@type":"WebSite","@id":"https:\/\/www.externacorporativo.com\/es\/#website","url":"https:\/\/www.externacorporativo.com\/es\/","name":"Externa","description":"","publisher":{"@id":"https:\/\/www.externacorporativo.com\/es\/#organization"},"potentialAction":[{"@type":"SearchAction","target":{"@type":"EntryPoint","urlTemplate":"https:\/\/www.externacorporativo.com\/es\/?s={search_term_string}"},"query-input":"required name=search_term_string"}],"inLanguage":"es"},{"@type":"Organization","@id":"https:\/\/www.externacorporativo.com\/es\/#organization","name":"Externa","url":"https:\/\/www.externacorporativo.com\/es\/","logo":{"@type":"ImageObject","inLanguage":"es","@id":"https:\/\/www.externacorporativo.com\/es\/#\/schema\/logo\/image\/","url":"https:\/\/www.externacorporativo.com\/wp-content\/uploads\/2023\/04\/Sin-nombre.png","contentUrl":"https:\/\/www.externacorporativo.com\/wp-content\/uploads\/2023\/04\/Sin-nombre.png","width":297,"height":109,"caption":"Externa"},"image":{"@id":"https:\/\/www.externacorporativo.com\/es\/#\/schema\/logo\/image\/"}},{"@type":"Person","@id":"https:\/\/www.externacorporativo.com\/es\/#\/schema\/person\/bdc7fa484ed4f3510b0ec3c089989e97","name":"Programacion","image":{"@type":"ImageObject","inLanguage":"es","@id":"https:\/\/www.externacorporativo.com\/es\/#\/schema\/person\/image\/","url":"https:\/\/secure.gravatar.com\/avatar\/b46a7287724b495183c8c832facd7442?s=96&d=mm&r=g","contentUrl":"https:\/\/secure.gravatar.com\/avatar\/b46a7287724b495183c8c832facd7442?s=96&d=mm&r=g","caption":"Programacion"},"url":"https:\/\/www.externacorporativo.com\/es\/author\/programacion\/"}]}},"_links":{"self":[{"href":"https:\/\/www.externacorporativo.com\/es\/wp-json\/wp\/v2\/posts\/1691"}],"collection":[{"href":"https:\/\/www.externacorporativo.com\/es\/wp-json\/wp\/v2\/posts"}],"about":[{"href":"https:\/\/www.externacorporativo.com\/es\/wp-json\/wp\/v2\/types\/post"}],"author":[{"embeddable":true,"href":"https:\/\/www.externacorporativo.com\/es\/wp-json\/wp\/v2\/users\/2"}],"replies":[{"embeddable":true,"href":"https:\/\/www.externacorporativo.com\/es\/wp-json\/wp\/v2\/comments?post=1691"}],"version-history":[{"count":1,"href":"https:\/\/www.externacorporativo.com\/es\/wp-json\/wp\/v2\/posts\/1691\/revisions"}],"predecessor-version":[{"id":2533,"href":"https:\/\/www.externacorporativo.com\/es\/wp-json\/wp\/v2\/posts\/1691\/revisions\/2533"}],"wp:attachment":[{"href":"https:\/\/www.externacorporativo.com\/es\/wp-json\/wp\/v2\/media?parent=1691"}],"wp:term":[{"taxonomy":"category","embeddable":true,"href":"https:\/\/www.externacorporativo.com\/es\/wp-json\/wp\/v2\/categories?post=1691"},{"taxonomy":"post_tag","embeddable":true,"href":"https:\/\/www.externacorporativo.com\/es\/wp-json\/wp\/v2\/tags?post=1691"}],"curies":[{"name":"wp","href":"https:\/\/api.w.org\/{rel}","templated":true}]}}