{"id":1697,"date":"2023-06-01T07:28:01","date_gmt":"2023-06-01T07:28:01","guid":{"rendered":"https:\/\/www.externacorporativo.com\/espana-real-decreto-ley-11-2020-de-31-de-marzo-por-el-que-se-adoptan-medidas-complementarias-en-el-ambito-social-y-economico-para-hacer-frente-al-covid19\/"},"modified":"2023-06-01T07:28:02","modified_gmt":"2023-06-01T07:28:02","slug":"espana-real-decreto-ley-11-2020-de-31-de-marzo-por-el-que-se-adoptan-medidas-complementarias-en-el-ambito-social-y-economico-para-hacer-frente-al-covid19","status":"publish","type":"post","link":"https:\/\/www.externacorporativo.com\/es\/espana-real-decreto-ley-11-2020-de-31-de-marzo-por-el-que-se-adoptan-medidas-complementarias-en-el-ambito-social-y-economico-para-hacer-frente-al-covid19\/","title":{"rendered":"ESPA\u00d1A: Real Decreto-ley 11\/2020, de 31 de marzo, por el que se adoptan medidas complementarias en el \u00e1mbito social y econ\u00f3mico para hacer frente al COVID19"},"content":{"rendered":"<p style=\"text-align: justify;\">Como su propio nombre indica, se trata una serie de medidas que son complementarias a las establecidas por otros RD-ley (el 6, 7, 8, 9 y 10\/2020) que fueron dictados desde el comienzo del estado de alarma o unos pocos d\u00edas antes, y que tocan dos \u00e1mbitos: el <strong>econ\u00f3mico y el social<\/strong>, estrechamente ligados uno con el otro. Todas estas normas buscan la salida en V o U a la actual hibernaci\u00f3n econ\u00f3mica, evitando que el impacto del COVID19 sea de car\u00e1cter estructural y lastre la recuperaci\u00f3n una vez superadas las circunstancias actuales.<\/p>\n<p style=\"text-align: justify;\">Destacamos aqu\u00ed solo algunas de esas medidas, las que afectan de un modo m\u00e1s directo a la vida societaria<\/p>\n<ul style=\"text-align: justify;\">\n<li><strong>Medidas adoptadas a nivel societario en la Disposici\u00f3n Final Trece, es la modificaci\u00f3n al reciente Real Decreto-Ley 8\/2020, de 17 de marzo, cuyo art\u00edculo 40 sufre una modificaci\u00f3n en su redacci\u00f3n, en cuanto a las medidas extraordinarias aplicables a las personas jur\u00eddicas de Derecho privado.<\/strong><\/li>\n<\/ul>\n<p style=\"text-align: justify;\">En general se viene a clarificar y ser m\u00e1s espec\u00edfico en las medidas que se establecen para la vida societaria mientras dure el estado de alarma, medidas que ser\u00e1n de aplicaci\u00f3n aunque NO estuvieran recogidas en los Estatutos sociales. \u00a0De alguna manera vienen a \u201csimplificar\u201d y minorar los problemas que se pueden encontrar todo tipo de entidades mercantiles. As\u00ed se establece lo siguiente:<\/p>\n<ul style=\"text-align: justify;\">\n<li>Todas las sesiones de los \u00f3rganos de gobierno y de administraci\u00f3n de las asociaciones, de las sociedades civiles y mercantiles, del consejo rector de las sociedades cooperativas y del patronato de las fundaciones podr\u00e1n celebrarse por <u>videoconferencia o por conferencia telef\u00f3nica m\u00faltipl<\/u>e, siempre que todos los miembros del \u00f3rgano dispongan de los medios necesarios, con derecho de asistencia o representaci\u00f3n, el secretario del \u00f3rgano reconozca su identidad y as\u00ed lo exprese en <u>el acta que deber\u00e1 remitir de inmediato a la direcciones de correo electr\u00f3nico de cada uno de los asistentes<\/u>. La sesi\u00f3n se entender\u00e1\u0301 celebrada en el domicilio de la persona jur\u00eddica.<\/li>\n<\/ul>\n<ul style=\"text-align: justify;\">\n<li>Los acuerdos podr\u00e1n adoptarse mediante <u>votaci\u00f3n por escrito y sin sesi\u00f3n <\/u>siempre que lo decida el presidente y deber\u00e1n adoptarse as\u00ed cuando lo solicite, al menos, dos de los miembros del \u00f3rgano. Lo mismo aplica a las comisiones delegadas y a las dem\u00e1s comisiones obligatorias o voluntarias. La sesi\u00f3n se entender\u00e1 celebrada en el domicilio social. Ser\u00e1 de aplicaci\u00f3n a todos estos acuerdos lo establecido en el art\u00edculo 100 del Real Decreto 1784\/1996, de 19 de julio, por el que se aprueba el Reglamento del Registro Mercantil, aunque no se trate de sociedades mercantiles.<\/li>\n<\/ul>\n<ul style=\"text-align: justify;\">\n<li>La obligaci\u00f3n de formular las cuentas anuales, ordinarias o abreviadas, individuales o consolidadas, en el plazo de tres meses a contar desde el cierre del ejercicio social que incumbe al \u00f3rgano de gobierno o administraci\u00f3n de una persona jur\u00eddica y, cuando fuere legalmente exigible, el informe de gesti\u00f3n y dem\u00e1s documentos exigibles seg\u00fan la legislaci\u00f3n de sociedades, <u>queda suspendida hasta que finalice el estado de alarma, reanud\u00e1ndose de nuevo por otros tres meses a contar desde esa fecha<\/u>.<\/li>\n<\/ul>\n<ul style=\"text-align: justify;\">\n<li>Si, a la fecha de declaraci\u00f3n del estado de alarma o durante la vigencia del mismo, el \u00f3rgano de gobierno o administraci\u00f3n de una persona jur\u00eddica obligada hubiera formulado las cuentas del ejercicio anterior, el plazo para la verificaci\u00f3n contable de esas cuentas, tanto si la auditor\u00eda fuera obligatoria como voluntaria, se entender\u00e1 prorrogado por dos meses a contar desde que finalice el estado de alarma.<\/li>\n<\/ul>\n<ul style=\"text-align: justify;\">\n<li>En el plazo de 3 meses desde que finalice el estado de alarma, la junta general ordinaria deber\u00e1 reunirse para aprobar las cuentas anuales del ejercicio anterior.<\/li>\n<\/ul>\n<ul style=\"text-align: justify;\">\n<li>Si la Junta General estuviera ya convocada y su fecha de celebraci\u00f3n fuera durante el estado de alarma, el \u00f3rgano de administraci\u00f3n podr\u00e1 modificar el lugar y la hora previstos para celebraci\u00f3n de la junta o revocar el acuerdo de convocatoria mediante anuncio publicado con una antelaci\u00f3n m\u00ednima de 48 horas en la p\u00e1gina web de la sociedad y, si la sociedad no tuviera p\u00e1gina web, en el BOE. En caso de revocaci\u00f3n, se convocar\u00e1 una nueva junta dentro del mes siguiente a la finalizaci\u00f3n del estado de alarma.<\/li>\n<\/ul>\n<p style=\"text-align: justify;\"><strong>\u00a0<\/strong><strong>La modificaci\u00f3n m\u00e1s relevante<\/strong> de esta disposici\u00f3n es lo recogido en el <em>Art\u00edculo 40.6 bis<\/em> de nueva creaci\u00f3n, <strong>en cuanto a la propuesta de aplicaci\u00f3n de resultado<\/strong>, las sociedades que ya hayan formulado cuentas y convoquen junta general ordinaria a partir de la entrada en vigor de la presente declaraci\u00f3n, <u>podr\u00e1n sustituir la propuesta de aplicaci\u00f3n contenida en la memoria por otra.<\/u> Deber\u00e1 justificarse, por el \u00f3rgano de administraci\u00f3n, en base a la situaci\u00f3n generada por el COVID-19, a<u>compa\u00f1arla de un escrito del auditor <\/u>que indique que no habr\u00eda modificado su opini\u00f3n de auditor\u00eda si hubiera conocido en el momento de su firma la nueva propuesta.<\/p>\n<ul style=\"text-align: justify;\">\n<li>\n<ul>\n<li>Si ya estuviese convocada la junta general, el \u00f3rgano de administraci\u00f3n deber\u00e1 retirar del orden del d\u00eda la propuesta de aplicaci\u00f3n y proponer el nuevo, procediendo a su publicaci\u00f3n en los t\u00e9rminos indicados y en los plazos establecidos.<\/li>\n<li>La certificaci\u00f3n del \u00f3rgano de administraci\u00f3n a efectos del dep\u00f3sito de cuentas se limitar\u00e1, en su caso, a la aprobaci\u00f3n de las cuentas anuales, present\u00e1ndose posteriormente en el Registro Mercantil certificaci\u00f3n complementaria relativa a la aprobaci\u00f3n de la propuesta de aplicaci\u00f3n del resultado.<\/li>\n<\/ul>\n<\/li>\n<\/ul>\n<ul style=\"text-align: justify;\">\n<li>Si se requiere asistencia de notario en la junta general de socios para levantar acta, \u00e9ste podr\u00e1 utilizar medios de comunicaci\u00f3n a distancia en tiempo real que garanticen adecuadamente el cumplimiento su funci\u00f3n.<\/li>\n<\/ul>\n<ul style=\"text-align: justify;\">\n<li>No podr\u00e1n ejercitarse el derecho de separaci\u00f3n de socios, por ninguna causa, ni legal ni estatutaria, hasta que finalice el estado de alarma y las pr\u00f3rrogas del mismo.<\/li>\n<\/ul>\n<ul style=\"text-align: justify;\">\n<li>El reintegro de las aportaciones a los socios cooperativos que causen baja durante la vigencia del estado de alarma queda prorrogado hasta que transcurran seis meses a contar desde que finalice el estado de alarma.<\/li>\n<\/ul>\n<ul style=\"text-align: justify;\">\n<li>No se producir\u00e1 la disoluci\u00f3n de pleno derecho hasta que transcurran dos meses a contar desde que finalice dicho estado en ning\u00fan caso.<\/li>\n<\/ul>\n<ul style=\"text-align: justify;\">\n<li>Los administradores no responder\u00e1n de las deudas sociales contra\u00eddas durante el per\u00edodo de alarma si la causa legal o estatutaria de disoluci\u00f3n de la sociedad hubiera acaecido durante ese per\u00edodo.<\/li>\n<\/ul>\n<p style=\"text-align: justify;\">En el mismo sentido se modifica la redacci\u00f3n del <em>Art\u00edculo 41.6 bis<\/em> respecto a las medidas extraordinarias aplicables al funcionamiento de los \u00f3rganos de gobierno de <strong>las Sociedades An\u00f3nimas Cotizadas ya que se establece la posibilidad de realizar una nueva propuesta de aplicaci\u00f3n de resultado. <\/strong><\/p>\n<p style=\"text-align: justify;\">La nueva propuesta, su justificaci\u00f3n por el \u00f3rgano de administraci\u00f3n y el escrito del auditor deber\u00e1n hacerse p\u00fablicos, tan pronto como se aprueben, como informaci\u00f3n complementaria a las cuentas anuales en la p\u00e1gina web de la entidad y en la de la CNMV como otra informaci\u00f3n relevante o, en caso de ser preceptivo atendiendo al caso concreto, como informaci\u00f3n privilegiada.<\/p>\n<ul style=\"text-align: justify;\">\n<li><strong>Moratoria de las cuotas arrendaticias y prohibici\u00f3n de los desahucios de inquilinos durante seis meses desde la entrada en vigor del estado de alarma.<\/strong><\/li>\n<\/ul>\n<p style=\"text-align: justify;\">En cuanto al apoyo a familias y colectivos vulnerables, el RD recoge en su art\u00edculo primero y siguientes, distintas medidas en materia de arrendamiento de viviendas, que comprenden desde la suspensi\u00f3n de desahucio, pr\u00f3rrogas extraordinarias, moratoria en el pago de las rentas, as\u00ed como la concesi\u00f3n de ayudas para minimizar el impacto econ\u00f3mico y social como consecuencia del Covid-19. No entramos en el detalle de estas ayudas porque entendemos que se tratan mejor en otros foros pero s\u00ed queremos destacar:<\/p>\n<p style=\"text-align: justify;\"><strong>La Moratoria en el pago de la renta para las personas en situaci\u00f3n de vulnerabilidad econ\u00f3mica, distinguiendo entre contratos suscritos con grandes propietarios y\/o empresas que se dediquen al sector inmobiliario y contratos suscritos con peque\u00f1os propietarios<\/strong>.<\/p>\n<p style=\"text-align: justify;\">Para el primero de los supuestos, esto es, para los <strong>contratos suscritos con grandes tenedores de inmuebles<\/strong>, entendiendo por tales las personas f\u00edsicas o jur\u00eddicas titulares de m\u00e1s de diez inmuebles o de una superficie construida de m\u00e1s de 1.500m2, se aplica autom\u00e1ticamente una moratoria para aquellos arrendatarios en situaci\u00f3n de especial vulnerabilidad que soliciten el aplazamiento temporal y extraordinario del pago de la renta.<\/p>\n<p style=\"text-align: justify;\">La moratoria se materializar\u00e1, a falta de acuerdo entre las partes, de cualquiera de las dos siguientes formas, a escoger por el arrendador:<\/p>\n<ol style=\"text-align: justify;\">\n<li>Reducci\u00f3n del 50% de la renta durante por el tiempo que se prolongue el estado de alarma y hasta un m\u00e1ximo de cuatro meses adicionales m\u00e1s.<\/li>\n<li>Moratoria en el pago de la renta durante el tiempo que dure el estado de alarma y hasta un plazo m\u00e1ximo de cuatro meses m\u00e1s. En este supuesto, la renta devengada y no abonada se fraccionar\u00e1 y abonar\u00e1 (sin intereses) durante al menos los tres pr\u00f3ximos a\u00f1os, siempre que el contrato de arrendamiento contin\u00fae vigente durante dicho plazo.<\/li>\n<\/ol>\n<p style=\"text-align: justify;\">En cualquiera de los supuestos anteriores, si el arrendatario percibiera una ayuda transitoria de financiaci\u00f3n destinadas al arrendamiento (reguladas tambi\u00e9n en el RDL), se levantar\u00e1 la moratoria en el pago de la renta desde el momento en que acceda a dicha ayuda.<\/p>\n<p style=\"text-align: justify;\">Para los <strong>contratos de arrendamiento suscritos con peque\u00f1os propietarios<\/strong>, la norma prev\u00e9 la posibilidad de que el arrendatario en situaci\u00f3n de especial vulnerabilidad pueda solicitar del arrendador el aplazamiento temporal del pago de la renta, siempre que el aplazamiento o la condonaci\u00f3n (total o parcial) no se haya acordado voluntariamente entre las partes.<\/p>\n<p style=\"text-align: justify;\">En este supuesto, el arrendador tendr\u00e1 la facultad de comunicar al arrendatario en el plazo de 7 d\u00edas laborales, las condiciones del aplazamiento o posibles alternativas. Si no aceptara ning\u00fan acuerdo sobre el aplazamiento del pago de la renta, el arrendatario podr\u00e1 tener acceso a un programa de ayudas transitorias de financiaci\u00f3n.<\/p>\n<ul style=\"text-align: justify;\">\n<li><strong>Se habilita a la Seguridad Social para conceder moratorias en el pago de las cotizaciones sociales a empresas y aut\u00f3nomos y se permite el aplazamiento del pago de deudas con la Seguridad Social hasta el 30 de junio<\/strong><\/li>\n<\/ul>\n<p style=\"text-align: justify;\">El Gobierno parece que empieza a sensibilizarse con esas necesidades de ayuda, de manera que en el Real Decreto-ley que nos ocupa se facilitan nuevos recursos a empresas y aut\u00f3nomos para tratar de sobrellevar la crisis econ\u00f3mica vinculada a la crisis sanitaria del coronavirus:<\/p>\n<ol style=\"text-align: justify;\">\n<li>Se habilita a la Tesorer\u00eda General de la Seguridad Social para la concesi\u00f3n de moratorias de 6 meses, sin inter\u00e9s, a empresas y trabajadores por cuenta propia incluidos en cualquier r\u00e9gimen de la Seguridad Social, <u>en ciertos casos y condiciones que se determinar\u00e1n mediante Orden Ministerial<\/u>.<\/li>\n<\/ol>\n<p style=\"text-align: justify;\"><u>Las\u00a0solicitudes deber\u00e1n presentarse<\/u>:<\/p>\n<ul style=\"text-align: justify;\">\n<li>Si se trata de\u00a0empresas, a trav\u00e9s del <a href=\"https:\/\/www.boe.es\/buscar\/act.php?id=BOE-A-2013-3362\">Sistema RED<\/a> y,<\/li>\n<li>en el caso de\u00a0trabajadores por cuenta propia, a trav\u00e9s del Sistema RED o a trav\u00e9s de la sede electr\u00f3nica de la Secretar\u00eda de Estado de la Seguridad Social (SEDESS).<\/li>\n<\/ul>\n<p style=\"text-align: justify;\">El\u00a0plazo para comunicar estas solicitudes\u00a0a la TGSS ser\u00e1 el de los\u00a010 primeros d\u00edas naturales de los plazos reglamentarios de ingreso\u00a0correspondientes a los per\u00edodos de devengo objeto de moratoria, quedando excluida la posibilidad de moratoria para las cotizaciones cuyo plazo reglamentario de ingreso haya finalizado antes del momento de la solicitud.<\/p>\n<p style=\"text-align: justify;\">La TGSS tiene hasta 3 meses de plazo para comunicar la concesi\u00f3n\u00a0de la moratoria\u00a0a trav\u00e9s del Sistema RED o SEDESS. Las solicitudes que contengan falsedades o incorrecciones\u00a0en los datos\u00a0dar\u00e1n lugar a\u00a0las\u00a0sanciones\u00a0correspondientes en aplicaci\u00f3n de la\u00a0<a href=\"https:\/\/www.boe.es\/buscar\/act.php?id=BOE-A-2000-15060\">Ley sobre infracciones y sanciones en el orden social<\/a>.<\/p>\n<ol style=\"text-align: justify;\" start=\"2\">\n<li><u>Se posibilita la solicitud de ciertos aplazamientos del pago de deudas con la Seguridad Social<\/u>.<\/li>\n<\/ol>\n<p style=\"text-align: justify;\">Esta medida se extiende a\u00a0empresas\u00a0y trabajadores por cuenta propia incluidos en cualquier r\u00e9gimen\u00a0de la Seguridad social\u00a0o los autorizados para actuar a trav\u00e9s del Sistema RED, con las siguientes condiciones:<\/p>\n<ul style=\"text-align: justify;\">\n<li>Que no tengan otro aplazamiento en vigor.<\/li>\n<li>Que el aplazamiento\u00a0se refiera al pago de deudas cuyo plazo reglamentario de ingreso tenga lugar entre los meses de\u00a0abril y junio\u00a0de 2020.<\/li>\n<li>Que se solicite antes del transcurso de los 10 primeros d\u00edas naturales del plazo reglamentario de ingreso\u00a0anteriormente se\u00f1alado.<\/li>\n<\/ul>\n<p style=\"text-align: justify;\">Esta nueva tipolog\u00eda de aplazamiento, sujeto a los t\u00e9rminos y condiciones establecidos para los aplazamientos \u00abordinarios\u00bb en la normativa de Seguridad Social, presenta como\u00a0especialidad\u00a0que tendr\u00e1 un\u00a0inter\u00e9s del 0,5%\u00a0(en lugar del 3,75% que es el inter\u00e9s de demora vigente en este momento y que conforme al\u00a0<a href=\"https:\/\/www.boe.es\/buscar\/act.php?id=BOE-A-2015-11724&amp;p=20200115&amp;tn=1#a23\">art. 23.5 <\/a>del Real Decreto Legislativo 8\/2015, de 30 de octubre, por el que se aprueba el texto refundido de la Ley General de la Seguridad Social,\u00a0corresponde aplicar a los aplazamientos).<\/p>\n<ul style=\"text-align: justify;\">\n<li><strong>Los aut\u00f3nomos que accedan a la prestaci\u00f3n por cese de actividad podr\u00e1n aplazar sin cargo la cuota de la Seguridad Social de marzo por los d\u00edas que hayan trabajado y otras medidas<\/strong><\/li>\n<\/ul>\n<p style=\"text-align: justify;\">Se aclara (a\u00f1adiendo un apartado 7 al art\u00edculo 17 del referido Real Decreto-ley 8\/2020) que aquellos aut\u00f3nomos que hayan suspendido su actividad y pasen a percibir la prestaci\u00f3n por cese de actividad regulada en el Real Decreto-ley 8\/2020, que no hayan ingresado en plazo las cotizaciones sociales correspondientes a los d\u00edas efectivamente trabajados del mes de marzo, podr\u00e1n abonarlas fuera de plazo sin recargo.<\/p>\n<p style=\"text-align: justify;\">Por otro lado, se a\u00f1ade tambi\u00e9n un apartado 8 al indicado art\u00edculo 17 del Real Decreto-ley 8\/2020 para aclarar que <u>el reconocimiento de la prestaci\u00f3n por cese de actividad podr\u00e1 solicitarse hasta el \u00faltimo d\u00eda del mes siguiente al que se produjo la finalizaci\u00f3n del estado de alarma<\/u>.<\/p>\n<p style=\"text-align: justify;\">Finalmente, se modifica el apartado 1 del art\u00edculo 17 que venimos comentando a fin de aclarar que, para ciertos sectores, ser\u00e1 posible <u>acreditar la reducci\u00f3n de la facturaci\u00f3n del 75% que da derecho a la prestaci\u00f3n extraordinaria por cese de actividad de una manera particular por la peculiaridad de su ciclo productivo<\/u>:<\/p>\n<ul>\n<li style=\"text-align: justify;\">en el caso de los trabajadores por cuenta propia o aut\u00f3nomos que desarrollen actividades en alguno de los c\u00f3digos de la CNAE 2009 entre el 9001 y el 9004, ambos incluidos, la reducci\u00f3n de la facturaci\u00f3n se calculara\u0301 en relaci\u00f3n con la efectuada en los 12 meses anteriores;<\/li>\n<li style=\"text-align: justify;\">tambi\u00e9n alternativamente, para producciones agrarias de car\u00e1cter estacional este requisito se entender\u00e1\u0301 cumplido cuando su facturaci\u00f3n promedio en los meses de campa\u00f1a de producci\u00f3n anteriores al que se solicita la prestaci\u00f3n se vea reducida, al menos, en un 75 por ciento en relaci\u00f3n con los mismos meses de la campa\u00f1a del a\u00f1o anterior.)<\/li>\n<\/ul>\n","protected":false},"excerpt":{"rendered":"<p>ESPA\u00d1A: Real Decreto-ley 11\/2020, de 31 de marzo, por el que se adoptan medidas complementarias en el \u00e1mbito social y econ\u00f3mico para hacer frente al COVID19<\/p>\n","protected":false},"author":2,"featured_media":0,"comment_status":"open","ping_status":"open","sticky":false,"template":"","format":"standard","meta":[],"categories":[],"tags":[],"yoast_head":"<!-- This site is optimized with the Yoast SEO plugin v20.0 - https:\/\/yoast.com\/wordpress\/plugins\/seo\/ -->\n<title>ESPA\u00d1A: Real Decreto-ley 11\/2020, de 31 de marzo, por el que se adoptan medidas complementarias en el \u00e1mbito social y econ\u00f3mico para hacer frente al COVID19 - Externa<\/title>\n<meta name=\"robots\" content=\"index, follow, max-snippet:-1, max-image-preview:large, max-video-preview:-1\" \/>\n<link rel=\"canonical\" href=\"https:\/\/www.externacorporativo.com\/es\/espana-real-decreto-ley-11-2020-de-31-de-marzo-por-el-que-se-adoptan-medidas-complementarias-en-el-ambito-social-y-economico-para-hacer-frente-al-covid19\/\" \/>\n<meta property=\"og:locale\" content=\"es_ES\" \/>\n<meta property=\"og:type\" content=\"article\" \/>\n<meta property=\"og:title\" content=\"ESPA\u00d1A: Real Decreto-ley 11\/2020, de 31 de marzo, por el que se adoptan medidas complementarias en el \u00e1mbito social y econ\u00f3mico para hacer frente al COVID19 - Externa\" \/>\n<meta property=\"og:description\" content=\"ESPA\u00d1A: Real Decreto-ley 11\/2020, de 31 de marzo, por el que se adoptan medidas complementarias en el \u00e1mbito social y econ\u00f3mico para hacer frente al COVID19\" \/>\n<meta property=\"og:url\" content=\"https:\/\/www.externacorporativo.com\/es\/espana-real-decreto-ley-11-2020-de-31-de-marzo-por-el-que-se-adoptan-medidas-complementarias-en-el-ambito-social-y-economico-para-hacer-frente-al-covid19\/\" \/>\n<meta property=\"og:site_name\" content=\"Externa\" \/>\n<meta property=\"article:published_time\" content=\"2023-06-01T07:28:01+00:00\" \/>\n<meta property=\"article:modified_time\" content=\"2023-06-01T07:28:02+00:00\" \/>\n<meta name=\"author\" content=\"Programacion\" \/>\n<meta name=\"twitter:card\" content=\"summary_large_image\" \/>\n<meta name=\"twitter:label1\" content=\"Escrito por\" \/>\n\t<meta name=\"twitter:data1\" content=\"Programacion\" \/>\n\t<meta name=\"twitter:label2\" content=\"Tiempo de lectura\" \/>\n\t<meta name=\"twitter:data2\" content=\"12 minutos\" \/>\n<script type=\"application\/ld+json\" class=\"yoast-schema-graph\">{\"@context\":\"https:\/\/schema.org\",\"@graph\":[{\"@type\":\"Article\",\"@id\":\"https:\/\/www.externacorporativo.com\/es\/espana-real-decreto-ley-11-2020-de-31-de-marzo-por-el-que-se-adoptan-medidas-complementarias-en-el-ambito-social-y-economico-para-hacer-frente-al-covid19\/#article\",\"isPartOf\":{\"@id\":\"https:\/\/www.externacorporativo.com\/es\/espana-real-decreto-ley-11-2020-de-31-de-marzo-por-el-que-se-adoptan-medidas-complementarias-en-el-ambito-social-y-economico-para-hacer-frente-al-covid19\/\"},\"author\":{\"name\":\"Programacion\",\"@id\":\"https:\/\/www.externacorporativo.com\/es\/#\/schema\/person\/bdc7fa484ed4f3510b0ec3c089989e97\"},\"headline\":\"ESPA\u00d1A: Real Decreto-ley 11\/2020, de 31 de marzo, por el que se adoptan medidas complementarias en el \u00e1mbito social y econ\u00f3mico para hacer frente al COVID19\",\"datePublished\":\"2023-06-01T07:28:01+00:00\",\"dateModified\":\"2023-06-01T07:28:02+00:00\",\"mainEntityOfPage\":{\"@id\":\"https:\/\/www.externacorporativo.com\/es\/espana-real-decreto-ley-11-2020-de-31-de-marzo-por-el-que-se-adoptan-medidas-complementarias-en-el-ambito-social-y-economico-para-hacer-frente-al-covid19\/\"},\"wordCount\":2517,\"commentCount\":0,\"publisher\":{\"@id\":\"https:\/\/www.externacorporativo.com\/es\/#organization\"},\"inLanguage\":\"es\",\"potentialAction\":[{\"@type\":\"CommentAction\",\"name\":\"Comment\",\"target\":[\"https:\/\/www.externacorporativo.com\/es\/espana-real-decreto-ley-11-2020-de-31-de-marzo-por-el-que-se-adoptan-medidas-complementarias-en-el-ambito-social-y-economico-para-hacer-frente-al-covid19\/#respond\"]}]},{\"@type\":\"WebPage\",\"@id\":\"https:\/\/www.externacorporativo.com\/es\/espana-real-decreto-ley-11-2020-de-31-de-marzo-por-el-que-se-adoptan-medidas-complementarias-en-el-ambito-social-y-economico-para-hacer-frente-al-covid19\/\",\"url\":\"https:\/\/www.externacorporativo.com\/es\/espana-real-decreto-ley-11-2020-de-31-de-marzo-por-el-que-se-adoptan-medidas-complementarias-en-el-ambito-social-y-economico-para-hacer-frente-al-covid19\/\",\"name\":\"ESPA\u00d1A: Real Decreto-ley 11\/2020, de 31 de marzo, por el que se adoptan medidas complementarias en el \u00e1mbito social y econ\u00f3mico para hacer frente al COVID19 - Externa\",\"isPartOf\":{\"@id\":\"https:\/\/www.externacorporativo.com\/es\/#website\"},\"datePublished\":\"2023-06-01T07:28:01+00:00\",\"dateModified\":\"2023-06-01T07:28:02+00:00\",\"breadcrumb\":{\"@id\":\"https:\/\/www.externacorporativo.com\/es\/espana-real-decreto-ley-11-2020-de-31-de-marzo-por-el-que-se-adoptan-medidas-complementarias-en-el-ambito-social-y-economico-para-hacer-frente-al-covid19\/#breadcrumb\"},\"inLanguage\":\"es\",\"potentialAction\":[{\"@type\":\"ReadAction\",\"target\":[\"https:\/\/www.externacorporativo.com\/es\/espana-real-decreto-ley-11-2020-de-31-de-marzo-por-el-que-se-adoptan-medidas-complementarias-en-el-ambito-social-y-economico-para-hacer-frente-al-covid19\/\"]}]},{\"@type\":\"BreadcrumbList\",\"@id\":\"https:\/\/www.externacorporativo.com\/es\/espana-real-decreto-ley-11-2020-de-31-de-marzo-por-el-que-se-adoptan-medidas-complementarias-en-el-ambito-social-y-economico-para-hacer-frente-al-covid19\/#breadcrumb\",\"itemListElement\":[{\"@type\":\"ListItem\",\"position\":1,\"name\":\"Portada\",\"item\":\"https:\/\/www.externacorporativo.com\/es\/\"},{\"@type\":\"ListItem\",\"position\":2,\"name\":\"ESPA\u00d1A: Real Decreto-ley 11\/2020, de 31 de marzo, por el que se adoptan medidas complementarias en el \u00e1mbito social y econ\u00f3mico para hacer frente al COVID19\"}]},{\"@type\":\"WebSite\",\"@id\":\"https:\/\/www.externacorporativo.com\/es\/#website\",\"url\":\"https:\/\/www.externacorporativo.com\/es\/\",\"name\":\"Externa\",\"description\":\"\",\"publisher\":{\"@id\":\"https:\/\/www.externacorporativo.com\/es\/#organization\"},\"potentialAction\":[{\"@type\":\"SearchAction\",\"target\":{\"@type\":\"EntryPoint\",\"urlTemplate\":\"https:\/\/www.externacorporativo.com\/es\/?s={search_term_string}\"},\"query-input\":\"required name=search_term_string\"}],\"inLanguage\":\"es\"},{\"@type\":\"Organization\",\"@id\":\"https:\/\/www.externacorporativo.com\/es\/#organization\",\"name\":\"Externa\",\"url\":\"https:\/\/www.externacorporativo.com\/es\/\",\"logo\":{\"@type\":\"ImageObject\",\"inLanguage\":\"es\",\"@id\":\"https:\/\/www.externacorporativo.com\/es\/#\/schema\/logo\/image\/\",\"url\":\"https:\/\/www.externacorporativo.com\/wp-content\/uploads\/2023\/04\/Sin-nombre.png\",\"contentUrl\":\"https:\/\/www.externacorporativo.com\/wp-content\/uploads\/2023\/04\/Sin-nombre.png\",\"width\":297,\"height\":109,\"caption\":\"Externa\"},\"image\":{\"@id\":\"https:\/\/www.externacorporativo.com\/es\/#\/schema\/logo\/image\/\"}},{\"@type\":\"Person\",\"@id\":\"https:\/\/www.externacorporativo.com\/es\/#\/schema\/person\/bdc7fa484ed4f3510b0ec3c089989e97\",\"name\":\"Programacion\",\"image\":{\"@type\":\"ImageObject\",\"inLanguage\":\"es\",\"@id\":\"https:\/\/www.externacorporativo.com\/es\/#\/schema\/person\/image\/\",\"url\":\"https:\/\/secure.gravatar.com\/avatar\/b46a7287724b495183c8c832facd7442?s=96&d=mm&r=g\",\"contentUrl\":\"https:\/\/secure.gravatar.com\/avatar\/b46a7287724b495183c8c832facd7442?s=96&d=mm&r=g\",\"caption\":\"Programacion\"},\"url\":\"https:\/\/www.externacorporativo.com\/es\/author\/programacion\/\"}]}<\/script>\n<!-- \/ Yoast SEO plugin. -->","yoast_head_json":{"title":"ESPA\u00d1A: Real Decreto-ley 11\/2020, de 31 de marzo, por el que se adoptan medidas complementarias en el \u00e1mbito social y econ\u00f3mico para hacer frente al COVID19 - Externa","robots":{"index":"index","follow":"follow","max-snippet":"max-snippet:-1","max-image-preview":"max-image-preview:large","max-video-preview":"max-video-preview:-1"},"canonical":"https:\/\/www.externacorporativo.com\/es\/espana-real-decreto-ley-11-2020-de-31-de-marzo-por-el-que-se-adoptan-medidas-complementarias-en-el-ambito-social-y-economico-para-hacer-frente-al-covid19\/","og_locale":"es_ES","og_type":"article","og_title":"ESPA\u00d1A: Real Decreto-ley 11\/2020, de 31 de marzo, por el que se adoptan medidas complementarias en el \u00e1mbito social y econ\u00f3mico para hacer frente al COVID19 - Externa","og_description":"ESPA\u00d1A: Real Decreto-ley 11\/2020, de 31 de marzo, por el que se adoptan medidas complementarias en el \u00e1mbito social y econ\u00f3mico para hacer frente al COVID19","og_url":"https:\/\/www.externacorporativo.com\/es\/espana-real-decreto-ley-11-2020-de-31-de-marzo-por-el-que-se-adoptan-medidas-complementarias-en-el-ambito-social-y-economico-para-hacer-frente-al-covid19\/","og_site_name":"Externa","article_published_time":"2023-06-01T07:28:01+00:00","article_modified_time":"2023-06-01T07:28:02+00:00","author":"Programacion","twitter_card":"summary_large_image","twitter_misc":{"Escrito por":"Programacion","Tiempo de lectura":"12 minutos"},"schema":{"@context":"https:\/\/schema.org","@graph":[{"@type":"Article","@id":"https:\/\/www.externacorporativo.com\/es\/espana-real-decreto-ley-11-2020-de-31-de-marzo-por-el-que-se-adoptan-medidas-complementarias-en-el-ambito-social-y-economico-para-hacer-frente-al-covid19\/#article","isPartOf":{"@id":"https:\/\/www.externacorporativo.com\/es\/espana-real-decreto-ley-11-2020-de-31-de-marzo-por-el-que-se-adoptan-medidas-complementarias-en-el-ambito-social-y-economico-para-hacer-frente-al-covid19\/"},"author":{"name":"Programacion","@id":"https:\/\/www.externacorporativo.com\/es\/#\/schema\/person\/bdc7fa484ed4f3510b0ec3c089989e97"},"headline":"ESPA\u00d1A: Real Decreto-ley 11\/2020, de 31 de marzo, por el que se adoptan medidas complementarias en el \u00e1mbito social y econ\u00f3mico para hacer frente al COVID19","datePublished":"2023-06-01T07:28:01+00:00","dateModified":"2023-06-01T07:28:02+00:00","mainEntityOfPage":{"@id":"https:\/\/www.externacorporativo.com\/es\/espana-real-decreto-ley-11-2020-de-31-de-marzo-por-el-que-se-adoptan-medidas-complementarias-en-el-ambito-social-y-economico-para-hacer-frente-al-covid19\/"},"wordCount":2517,"commentCount":0,"publisher":{"@id":"https:\/\/www.externacorporativo.com\/es\/#organization"},"inLanguage":"es","potentialAction":[{"@type":"CommentAction","name":"Comment","target":["https:\/\/www.externacorporativo.com\/es\/espana-real-decreto-ley-11-2020-de-31-de-marzo-por-el-que-se-adoptan-medidas-complementarias-en-el-ambito-social-y-economico-para-hacer-frente-al-covid19\/#respond"]}]},{"@type":"WebPage","@id":"https:\/\/www.externacorporativo.com\/es\/espana-real-decreto-ley-11-2020-de-31-de-marzo-por-el-que-se-adoptan-medidas-complementarias-en-el-ambito-social-y-economico-para-hacer-frente-al-covid19\/","url":"https:\/\/www.externacorporativo.com\/es\/espana-real-decreto-ley-11-2020-de-31-de-marzo-por-el-que-se-adoptan-medidas-complementarias-en-el-ambito-social-y-economico-para-hacer-frente-al-covid19\/","name":"ESPA\u00d1A: Real Decreto-ley 11\/2020, de 31 de marzo, por el que se adoptan medidas complementarias en el \u00e1mbito social y econ\u00f3mico para hacer frente al COVID19 - Externa","isPartOf":{"@id":"https:\/\/www.externacorporativo.com\/es\/#website"},"datePublished":"2023-06-01T07:28:01+00:00","dateModified":"2023-06-01T07:28:02+00:00","breadcrumb":{"@id":"https:\/\/www.externacorporativo.com\/es\/espana-real-decreto-ley-11-2020-de-31-de-marzo-por-el-que-se-adoptan-medidas-complementarias-en-el-ambito-social-y-economico-para-hacer-frente-al-covid19\/#breadcrumb"},"inLanguage":"es","potentialAction":[{"@type":"ReadAction","target":["https:\/\/www.externacorporativo.com\/es\/espana-real-decreto-ley-11-2020-de-31-de-marzo-por-el-que-se-adoptan-medidas-complementarias-en-el-ambito-social-y-economico-para-hacer-frente-al-covid19\/"]}]},{"@type":"BreadcrumbList","@id":"https:\/\/www.externacorporativo.com\/es\/espana-real-decreto-ley-11-2020-de-31-de-marzo-por-el-que-se-adoptan-medidas-complementarias-en-el-ambito-social-y-economico-para-hacer-frente-al-covid19\/#breadcrumb","itemListElement":[{"@type":"ListItem","position":1,"name":"Portada","item":"https:\/\/www.externacorporativo.com\/es\/"},{"@type":"ListItem","position":2,"name":"ESPA\u00d1A: Real Decreto-ley 11\/2020, de 31 de marzo, por el que se adoptan medidas complementarias en el \u00e1mbito social y econ\u00f3mico para hacer frente al COVID19"}]},{"@type":"WebSite","@id":"https:\/\/www.externacorporativo.com\/es\/#website","url":"https:\/\/www.externacorporativo.com\/es\/","name":"Externa","description":"","publisher":{"@id":"https:\/\/www.externacorporativo.com\/es\/#organization"},"potentialAction":[{"@type":"SearchAction","target":{"@type":"EntryPoint","urlTemplate":"https:\/\/www.externacorporativo.com\/es\/?s={search_term_string}"},"query-input":"required name=search_term_string"}],"inLanguage":"es"},{"@type":"Organization","@id":"https:\/\/www.externacorporativo.com\/es\/#organization","name":"Externa","url":"https:\/\/www.externacorporativo.com\/es\/","logo":{"@type":"ImageObject","inLanguage":"es","@id":"https:\/\/www.externacorporativo.com\/es\/#\/schema\/logo\/image\/","url":"https:\/\/www.externacorporativo.com\/wp-content\/uploads\/2023\/04\/Sin-nombre.png","contentUrl":"https:\/\/www.externacorporativo.com\/wp-content\/uploads\/2023\/04\/Sin-nombre.png","width":297,"height":109,"caption":"Externa"},"image":{"@id":"https:\/\/www.externacorporativo.com\/es\/#\/schema\/logo\/image\/"}},{"@type":"Person","@id":"https:\/\/www.externacorporativo.com\/es\/#\/schema\/person\/bdc7fa484ed4f3510b0ec3c089989e97","name":"Programacion","image":{"@type":"ImageObject","inLanguage":"es","@id":"https:\/\/www.externacorporativo.com\/es\/#\/schema\/person\/image\/","url":"https:\/\/secure.gravatar.com\/avatar\/b46a7287724b495183c8c832facd7442?s=96&d=mm&r=g","contentUrl":"https:\/\/secure.gravatar.com\/avatar\/b46a7287724b495183c8c832facd7442?s=96&d=mm&r=g","caption":"Programacion"},"url":"https:\/\/www.externacorporativo.com\/es\/author\/programacion\/"}]}},"_links":{"self":[{"href":"https:\/\/www.externacorporativo.com\/es\/wp-json\/wp\/v2\/posts\/1697"}],"collection":[{"href":"https:\/\/www.externacorporativo.com\/es\/wp-json\/wp\/v2\/posts"}],"about":[{"href":"https:\/\/www.externacorporativo.com\/es\/wp-json\/wp\/v2\/types\/post"}],"author":[{"embeddable":true,"href":"https:\/\/www.externacorporativo.com\/es\/wp-json\/wp\/v2\/users\/2"}],"replies":[{"embeddable":true,"href":"https:\/\/www.externacorporativo.com\/es\/wp-json\/wp\/v2\/comments?post=1697"}],"version-history":[{"count":1,"href":"https:\/\/www.externacorporativo.com\/es\/wp-json\/wp\/v2\/posts\/1697\/revisions"}],"predecessor-version":[{"id":2539,"href":"https:\/\/www.externacorporativo.com\/es\/wp-json\/wp\/v2\/posts\/1697\/revisions\/2539"}],"wp:attachment":[{"href":"https:\/\/www.externacorporativo.com\/es\/wp-json\/wp\/v2\/media?parent=1697"}],"wp:term":[{"taxonomy":"category","embeddable":true,"href":"https:\/\/www.externacorporativo.com\/es\/wp-json\/wp\/v2\/categories?post=1697"},{"taxonomy":"post_tag","embeddable":true,"href":"https:\/\/www.externacorporativo.com\/es\/wp-json\/wp\/v2\/tags?post=1697"}],"curies":[{"name":"wp","href":"https:\/\/api.w.org\/{rel}","templated":true}]}}