{"id":1706,"date":"2023-06-01T07:28:01","date_gmt":"2023-06-01T07:28:01","guid":{"rendered":"https:\/\/www.externacorporativo.com\/espana-real-decreto-ley-15-2020-de-22-de-abril\/"},"modified":"2023-06-01T07:28:03","modified_gmt":"2023-06-01T07:28:03","slug":"espana-real-decreto-ley-15-2020-de-22-de-abril","status":"publish","type":"post","link":"https:\/\/www.externacorporativo.com\/es\/espana-real-decreto-ley-15-2020-de-22-de-abril\/","title":{"rendered":"ESPA\u00d1A: Real Decreto-ley 15\/2020, de 22 de abril."},"content":{"rendered":"<p style=\"text-align: justify;\">I. Medidas para reducir los costes operativos de Pymes y aut\u00f3nomos<\/p>\n<p style=\"text-align: justify;\">La falta de ingresos o su minoraci\u00f3n, durante el periodo que dure el estado de alarma puede dar lugar a la incapacidad financiera de aut\u00f3nomos y pymes para hacer frente al cumplimiento, total o parcial, de sus obligaciones de pago de renta de locales en alquiler.<br \/>\nA falta de acuerdo entre las partes, la Ley 29\/1994, de 24 de noviembre, de Arrendamientos Urbanos no prev\u00e9 causa alguna de exclusi\u00f3n del pago de la renta por fuerza mayor o por declaraci\u00f3n de estado de alarma u otras causas.<br \/>\nTampoco la regulaci\u00f3n del C\u00f3digo Civil, referida a la fuerza mayor, ofrece una soluci\u00f3n a estos casos, quedando \u00fanicamente la opci\u00f3n de la moratoria en el pago.<br \/>\nEn materia de arrendamiento de locales de negocio, se regula la tan ansiada moratoria en el pago de la renta, y al igual que en el caso de los arrendamientos de vivienda, se distingue entre contratos de arrendamiento de local suscritos con empresas p\u00fablicas de vivienda o grandes propietarios, (esto es, titulares de m\u00e1s de 10 inmuebles, excluyendo garajes y trasteros, o una superficie construida de m\u00e1s de 1.500 m2) y, por otra parte, los contratos suscritos con peque\u00f1os arrendatarios:<br \/>\nPara el primer caso, contratos suscritos con grandes propietarios, el arrendatario tendr\u00e1 la facultad de solicitar, en el plazo de un mes desde la entrada en vigor del RDL, una moratoria en el pago de la renta, que se aplicar\u00e1 de manera autom\u00e1tica y afectar\u00e1 al periodo de tiempo que dure el estado de alarma y, puesto que damos por hecho que la situaci\u00f3n derivada del Covid-19 se mantendr\u00e1 en el tiempo, durante los cuatro meses siguientes al levantamiento del estado de alarma. La renta se aplazar\u00e1, sin penalizaci\u00f3n ni devengo de intereses, a partir de la siguiente mensualidad de renta arrendaticia (no queda claro si con la menci\u00f3n de \u201cla siguiente mensualidad\u201d se refiere a la siguiente mensualidad desde la solicitud, o desde la entrada en vigor del estado de alarma), mediante el fraccionamiento de las cuotas en un plazo de dos a\u00f1os, que se contar\u00e1n a partir del plazo de los cuatro meses antes citado, y siempre dentro del plazo de vigencia del contrato de arrendamiento o cualquiera de sus pr\u00f3rrogas.<br \/>\nPara los contratos de arrendamiento suscritos con peque\u00f1os propietarios, se permite al arrendatario solicitar en el plazo de un mes, desde la entrada en vigor de este Real Decreto-ley, el aplazamiento temporal y extraordinario en el pago de la renta siempre que dicho aplazamiento o una rebaja de la renta no se hubiera acordado por ambas partes con car\u00e1cter voluntario.<br \/>\nAsimismo, se introduce una novedad en materia de fianza, si bien de la dicci\u00f3n del RDL no queda claro si se puede aplicar a los contratos suscritos con grandes tenedores o \u00fanicamente es aplicable a los contratos suscritos con peque\u00f1os propietarios.<br \/>\nEsta novedad radica en la posibilidad de que las partes acuerden disponer libremente de la fianza para destinarla al pago total o parcial de alguna o algunas mensualidades de la renta arrendaticia. En caso de que se haga uso de esta facultad, el arrendatario deber\u00e1 reponer el importe de la misma en el plazo de un a\u00f1o desde la celebraci\u00f3n del acuerdo o en el plazo que reste de vigencia del contrato, en caso de que este plazo fuera inferior a un a\u00f1o.<br \/>\nPara solicitar esta moratoria, el arrendatario (ya sea aut\u00f3nomo o pymes) deber\u00e1 cumplir y acreditar los siguientes requisitos:<br \/>\ni. Para los aut\u00f3nomos:<br \/>\na) Estar afiliado y en situaci\u00f3n de alta, en la fecha de la declaraci\u00f3n del estado de alarma, en el R\u00e9gimen Especial de la Seguridad Social de los Trabajadores por Cuenta Propia o Aut\u00f3nomos o en el R\u00e9gimen Especial de la Seguridad Social de los Trabajadores del Mar o, en su caso, en una de las Mutualidades sustitutorias del RETA.<br \/>\nb) Que su actividad haya quedado suspendida o que se acredite la reducci\u00f3n de la facturaci\u00f3n del mes natural anterior al que se solicita el aplazamiento en, al menos, un 75%, en relaci\u00f3n con la facturaci\u00f3n media mensual del trimestre al que pertenece dicho mes referido al a\u00f1o anterior.<br \/>\nii. Para las Pymes:<br \/>\na) Que no se superen los l\u00edmites establecidos en el art\u00edculo 257.1 del Real Decreto Legislativo 1\/2010, de 2 de julio, por el que se aprueba el texto refundido de la Ley de Sociedades de Capital. En este sentido, podr\u00e1n acogerse a esta moratoria las Pymes que cumplan dos de los siguientes tres requisitos:<br \/>\n\u2022 Que el total de las partidas del activo no supere los cuatro millones de euros.<br \/>\n\u2022 Que el importe neto de su cifra anual de negocios no supere los ocho millones de euros.<br \/>\n\u2022 Que el n\u00famero medio de trabajadores empleados durante el ejercicio no sea superior a cincuenta.<br \/>\nb) Que su actividad haya quedado suspendida o que se acredite la reducci\u00f3n de su facturaci\u00f3n del mes natural anterior al que se solicita el aplazamiento en, al menos, un 75%, en relaci\u00f3n con la facturaci\u00f3n media mensual del trimestre al que pertenece dicho mes referido al a\u00f1o anterior.<br \/>\nEl cumplimiento de los requisitos anteriores deber\u00e1 acreditarse mediante la presentaci\u00f3n de la siguiente documentaci\u00f3n:<br \/>\ni. La reducci\u00f3n de actividad se acreditar\u00e1 inicialmente mediante la presentaci\u00f3n de una declaraci\u00f3n responsable en la que, en base a la informaci\u00f3n contable y de ingresos y gastos, se haga constar la reducci\u00f3n de la facturaci\u00f3n mensual en, al menos, un 75%, en relaci\u00f3n con la facturaci\u00f3n media mensual del mismo trimestre del a\u00f1o anterior. En todo caso, el arrendador podr\u00e1 requerir al arrendatario la muestra de sus libros contables para acreditar la reducci\u00f3n de la actividad.<br \/>\nii. La suspensi\u00f3n de actividad, se acreditar\u00e1 mediante certificado expedido por la Agencia Estatal de la Administraci\u00f3n Tributaria o el \u00f3rgano competente de la Comunidad Aut\u00f3noma, en su caso, sobre la base de la declaraci\u00f3n de cese de actividad declarada por el interesado.<\/p>\n<p style=\"text-align: justify;\">II. Medidas de car\u00e1cter fiscal<\/p>\n<p style=\"text-align: justify;\">1. IVA: se establece, hasta el 31 de julio de 2020, un tipo impositivo del 0% aplicable a las entregas interiores, importaciones y adquisiciones intracomunitarias de cierto material sanitario cuyos destinatarios sean, b\u00e1sicamente, entidades p\u00fablicas, sin \u00e1nimo de lucro y centros hospitalarios. Estas operaciones se documentar\u00e1n en factura como operaciones exentas. Si bien no se aclara en el articulado, en la exposici\u00f3n de motivos se hace constar que la medida no afecta a la deducibilidad del IVA soportado y dichas ventas no afectar\u00e1n a la prorrata, pues t\u00e9cnicamente no es una exenci\u00f3n sino un tipo impositivo del 0%.<\/p>\n<p style=\"text-align: justify;\">El motivo fundamental de este tipo impositivo cero es no sobrecargar financieramente a aquellas entidades que se dedican al sector sanitario y social y que probablemente no puedan recuperar ese IVA soportado, haciendo a\u00fan m\u00e1s gravoso la cadena de suministro de estos materiales tan esenciales para un sector ya de por s\u00ed muy tocado por la crisis.<br \/>\nCon vigencia hasta el 31 de julio de 2020, se aplicar\u00e1 el tipo del 0% del Impuesto sobre el Valor A\u00f1adido a las entregas de bienes, importaciones y adquisiciones intracomunitarias de ciertos bienes determinados en el anexo del RDL, siempre que los destinatarios de esas operaciones sean: Entidades de Derecho P\u00fablico, Cl\u00ednicas o centros hospitalarios de cualquier tipo y Entidades privadas de car\u00e1cter social que carezcan de finalidad lucrativa.<\/p>\n<p style=\"text-align: justify;\">Se presume que ni sociedades mercantiles ni personas f\u00edsicas pueden tener ese car\u00e1cter social.<\/p>\n<p style=\"text-align: justify;\">Por el contrario, encajar\u00edan en el supuesto ciertas asociaciones, fundaciones, ONG, asociaciones, federaciones deportivas, etc.., que carezcan de finalidad lucrativa).<\/p>\n<p style=\"text-align: justify;\">Asimismo, se reduce el tipo impositivo de libros, revistas y peri\u00f3dicos, incluidos los difundidos por medios electr\u00f3nicos, que a partir de ahora ser\u00e1 del 4%, siempre que no contengan \u00fanica o fundamentalmente publicidad y no consistan \u00edntegra o predominantemente en contenidos de v\u00eddeo o m\u00fasica audible. El tipo reducido tambi\u00e9n aplicable a los elementos complementarios que se entreguen conjuntamente con aquellos mediante precio \u00fanico.<\/p>\n<p style=\"text-align: justify;\">2. Impuesto sobre Sociedades: se permite a las micropymes (volumen de operaciones inferior a 600.000 euros), con car\u00e1cter excepcional para los per\u00edodos impositivos iniciados a partir de 1 de enero de 2020 y con efectos exclusivos para dicho per\u00edodo optar por realizar los pagos fraccionados, sobre la parte de la base imponible del per\u00edodo de los 3, 9 u 11 primeros meses, mediante la presentaci\u00f3n hasta el 20 de mayo de 2020, del pago fraccionado determinado por aplicaci\u00f3n de la citada modalidad de base imponible.<\/p>\n<p style=\"text-align: justify;\">Para los contribuyentes que no hayan podido ejercer la opci\u00f3n de acuerdo con lo anterior y cuyo importe neto de la cifra de negocios no sea superior a 6.000.000 de euros se prev\u00e9 que la opci\u00f3n pueda realizarse en el plazo del pago fraccionado que deba presentarse en los 20 primeros d\u00edas del mes de octubre de 2020, determinado, igualmente, por aplicaci\u00f3n de la citada modalidad de base imponible. El pago fraccionado efectuado en los 20 d\u00edas naturales del mes de abril de 2020 ser\u00e1 deducible de la cuota del resto de pagos fraccionados que se efect\u00faen<\/p>\n<p style=\"text-align: justify;\">No ser\u00e1 de aplicaci\u00f3n esta medida excepcional (que en todo caso s\u00f3lo aplica para este ejercicio) para los grupos fiscales que apliquen el r\u00e9gimen especial de consolidaci\u00f3n fiscal.<\/p>\n<p style=\"text-align: justify;\">3. C\u00e1lculo de los pagos fraccionados en el m\u00e9todo de estimaci\u00f3n objetiva del Impuesto sobre la Renta de las Personas F\u00edsicas y el ingreso a cuenta del r\u00e9gimen simplificado del Impuesto sobre el Valor A\u00f1adido: se permite a aquellos que renuncien a la aplicaci\u00f3n del mismo, volver a determinar el rendimiento neto de su actividad econ\u00f3mica con arreglo al m\u00e9todo de estimaci\u00f3n objetiva en el ejercicio 2021, siempre que cumplan los requisitos para su aplicaci\u00f3n y revoquen la renuncia al m\u00e9todo de estimaci\u00f3n objetiva en la forma y plazos previstos de modo general en el reglamento del IRPF para dicho m\u00e9todo.<\/p>\n<p style=\"text-align: justify;\">Para el c\u00e1lculo de los pagos fraccionados en el m\u00e9todo de estimaci\u00f3n objetiva del Impuesto sobre la Renta de las Personas F\u00edsicas y de la cuota trimestral del r\u00e9gimen simplificado del Impuesto sobre el Valor A\u00f1adido, en el per\u00edodo impositivo 2020, no computar\u00e1n como d\u00edas de ejercicio de la actividad, los d\u00edas naturales en los que hubiera estado declarado el estado de alarma en el respectivo trimestre.<\/p>\n<p style=\"text-align: justify;\">4. Pago de deudas tributarias: se suspende el inicio del per\u00edodo ejecutivo respecto a las declaraciones y las autoliquidaciones (cuyo plazo de presentaci\u00f3n concluya entre el 20 de abril de 2020 y el 30 de mayo de 2020) presentadas por un contribuyente en los plazos establecido legalmente, sin efectuar el ingreso correspondiente, siempre que: 1\/\/ haya solicitado la financiaci\u00f3n otorgada por entidades financieras a empresas y aut\u00f3nomos, avalada por el Estado, a que se refiere el art\u00edculo 29 del Real Decreto-ley 8\/2020, de 17 de marzo, para el pago de las deudas tributarias resultantes de dichas declaraciones-liquidaciones y autoliquidaciones y por, al menos, el importe de dichas deudas; 2\/\/ que se aporte hasta el plazo m\u00e1ximo de cinco d\u00edas desde el fin del plazo de presentaci\u00f3n de la declaraci\u00f3n-liquidaci\u00f3n o autoliquidaci\u00f3n un certificado expedido por la entidad financiera acreditativo de haberse efectuado la solicitud de financiaci\u00f3n incluyendo el importe y las deudas tributarias objeto de la misma y 3\/\/ que las deudas se satisfagan efectiva, completa e inmediatamente en el momento de la concesi\u00f3n de la financiaci\u00f3n.<\/p>\n<p style=\"text-align: justify;\">Respecto a las deudas que se encontrasen en per\u00edodo ejecutivo a la entrada en vigor del real decreto ley relativas a declaraciones\/autoliquidaciones ya presentadas anteriormente, se considerar\u00e1n en per\u00edodo voluntario de ingreso siempre que: 1\/\/ obligado tributario aporte en el plazo m\u00e1ximo de cinco d\u00edas a contar desde el siguiente al de la entrada en vigor de este real decreto-ley, un certificado expedido por la entidad financiera acreditativo de haberse efectuado la solicitud de financiaci\u00f3n incluyendo el importe y las deudas tributarias objeto de la misma. 2\/\/ que dicha solicitud de financiaci\u00f3n sea concedida en, al menos, el importe de las deudas mencionadas y 3\/\/ que las deudas se satisfagan efectiva, completa e inmediatamente en el momento de la concesi\u00f3n de la financiaci\u00f3n.<\/p>\n<p style=\"text-align: justify;\">5. Plazos de pago de la deuda tributaria -tanto en per\u00edodo voluntario como ejecutivo-: se prev\u00e9 una extensi\u00f3n respecto a los vencimientos de los plazos y fracciones de los acuerdos de aplazamiento y fraccionamiento, de los plazos relacionados con el desarrollo de las subastas y adjudicaci\u00f3n de bienes, de los plazos para atender requerimientos\/diligencias de embargo\/solicitudes de informaci\u00f3n con trascendencia tributaria o para formular alegaciones, que se hab\u00eda realizado hasta el 20 de mayo, y se ampl\u00eda ahora al 30 de mayo.<\/p>\n","protected":false},"excerpt":{"rendered":"<p>ESPA\u00d1A: Real Decreto-ley 15\/2020, de 22 de abril.<\/p>\n","protected":false},"author":2,"featured_media":0,"comment_status":"open","ping_status":"open","sticky":false,"template":"","format":"standard","meta":[],"categories":[],"tags":[],"yoast_head":"<!-- This site is optimized with the Yoast SEO plugin v20.0 - https:\/\/yoast.com\/wordpress\/plugins\/seo\/ -->\n<title>ESPA\u00d1A: Real Decreto-ley 15\/2020, de 22 de abril. - Externa<\/title>\n<meta name=\"robots\" content=\"index, follow, max-snippet:-1, max-image-preview:large, max-video-preview:-1\" \/>\n<link rel=\"canonical\" href=\"https:\/\/www.externacorporativo.com\/es\/espana-real-decreto-ley-15-2020-de-22-de-abril\/\" \/>\n<meta property=\"og:locale\" content=\"es_ES\" \/>\n<meta property=\"og:type\" content=\"article\" \/>\n<meta property=\"og:title\" content=\"ESPA\u00d1A: Real Decreto-ley 15\/2020, de 22 de abril. - Externa\" \/>\n<meta property=\"og:description\" content=\"ESPA\u00d1A: Real Decreto-ley 15\/2020, de 22 de abril.\" \/>\n<meta property=\"og:url\" content=\"https:\/\/www.externacorporativo.com\/es\/espana-real-decreto-ley-15-2020-de-22-de-abril\/\" \/>\n<meta property=\"og:site_name\" content=\"Externa\" \/>\n<meta property=\"article:published_time\" content=\"2023-06-01T07:28:01+00:00\" \/>\n<meta property=\"article:modified_time\" content=\"2023-06-01T07:28:03+00:00\" \/>\n<meta name=\"author\" content=\"Programacion\" \/>\n<meta name=\"twitter:card\" content=\"summary_large_image\" \/>\n<meta name=\"twitter:label1\" content=\"Escrito por\" \/>\n\t<meta name=\"twitter:data1\" content=\"Programacion\" \/>\n\t<meta name=\"twitter:label2\" content=\"Tiempo de lectura\" \/>\n\t<meta name=\"twitter:data2\" content=\"11 minutos\" \/>\n<script type=\"application\/ld+json\" class=\"yoast-schema-graph\">{\"@context\":\"https:\/\/schema.org\",\"@graph\":[{\"@type\":\"Article\",\"@id\":\"https:\/\/www.externacorporativo.com\/es\/espana-real-decreto-ley-15-2020-de-22-de-abril\/#article\",\"isPartOf\":{\"@id\":\"https:\/\/www.externacorporativo.com\/es\/espana-real-decreto-ley-15-2020-de-22-de-abril\/\"},\"author\":{\"name\":\"Programacion\",\"@id\":\"https:\/\/www.externacorporativo.com\/es\/#\/schema\/person\/bdc7fa484ed4f3510b0ec3c089989e97\"},\"headline\":\"ESPA\u00d1A: Real Decreto-ley 15\/2020, de 22 de abril.\",\"datePublished\":\"2023-06-01T07:28:01+00:00\",\"dateModified\":\"2023-06-01T07:28:03+00:00\",\"mainEntityOfPage\":{\"@id\":\"https:\/\/www.externacorporativo.com\/es\/espana-real-decreto-ley-15-2020-de-22-de-abril\/\"},\"wordCount\":2182,\"commentCount\":0,\"publisher\":{\"@id\":\"https:\/\/www.externacorporativo.com\/es\/#organization\"},\"inLanguage\":\"es\",\"potentialAction\":[{\"@type\":\"CommentAction\",\"name\":\"Comment\",\"target\":[\"https:\/\/www.externacorporativo.com\/es\/espana-real-decreto-ley-15-2020-de-22-de-abril\/#respond\"]}]},{\"@type\":\"WebPage\",\"@id\":\"https:\/\/www.externacorporativo.com\/es\/espana-real-decreto-ley-15-2020-de-22-de-abril\/\",\"url\":\"https:\/\/www.externacorporativo.com\/es\/espana-real-decreto-ley-15-2020-de-22-de-abril\/\",\"name\":\"ESPA\u00d1A: Real Decreto-ley 15\/2020, de 22 de abril. - Externa\",\"isPartOf\":{\"@id\":\"https:\/\/www.externacorporativo.com\/es\/#website\"},\"datePublished\":\"2023-06-01T07:28:01+00:00\",\"dateModified\":\"2023-06-01T07:28:03+00:00\",\"breadcrumb\":{\"@id\":\"https:\/\/www.externacorporativo.com\/es\/espana-real-decreto-ley-15-2020-de-22-de-abril\/#breadcrumb\"},\"inLanguage\":\"es\",\"potentialAction\":[{\"@type\":\"ReadAction\",\"target\":[\"https:\/\/www.externacorporativo.com\/es\/espana-real-decreto-ley-15-2020-de-22-de-abril\/\"]}]},{\"@type\":\"BreadcrumbList\",\"@id\":\"https:\/\/www.externacorporativo.com\/es\/espana-real-decreto-ley-15-2020-de-22-de-abril\/#breadcrumb\",\"itemListElement\":[{\"@type\":\"ListItem\",\"position\":1,\"name\":\"Portada\",\"item\":\"https:\/\/www.externacorporativo.com\/es\/\"},{\"@type\":\"ListItem\",\"position\":2,\"name\":\"ESPA\u00d1A: Real Decreto-ley 15\/2020, de 22 de abril.\"}]},{\"@type\":\"WebSite\",\"@id\":\"https:\/\/www.externacorporativo.com\/es\/#website\",\"url\":\"https:\/\/www.externacorporativo.com\/es\/\",\"name\":\"Externa\",\"description\":\"\",\"publisher\":{\"@id\":\"https:\/\/www.externacorporativo.com\/es\/#organization\"},\"potentialAction\":[{\"@type\":\"SearchAction\",\"target\":{\"@type\":\"EntryPoint\",\"urlTemplate\":\"https:\/\/www.externacorporativo.com\/es\/?s={search_term_string}\"},\"query-input\":\"required name=search_term_string\"}],\"inLanguage\":\"es\"},{\"@type\":\"Organization\",\"@id\":\"https:\/\/www.externacorporativo.com\/es\/#organization\",\"name\":\"Externa\",\"url\":\"https:\/\/www.externacorporativo.com\/es\/\",\"logo\":{\"@type\":\"ImageObject\",\"inLanguage\":\"es\",\"@id\":\"https:\/\/www.externacorporativo.com\/es\/#\/schema\/logo\/image\/\",\"url\":\"https:\/\/www.externacorporativo.com\/wp-content\/uploads\/2023\/04\/Sin-nombre.png\",\"contentUrl\":\"https:\/\/www.externacorporativo.com\/wp-content\/uploads\/2023\/04\/Sin-nombre.png\",\"width\":297,\"height\":109,\"caption\":\"Externa\"},\"image\":{\"@id\":\"https:\/\/www.externacorporativo.com\/es\/#\/schema\/logo\/image\/\"}},{\"@type\":\"Person\",\"@id\":\"https:\/\/www.externacorporativo.com\/es\/#\/schema\/person\/bdc7fa484ed4f3510b0ec3c089989e97\",\"name\":\"Programacion\",\"image\":{\"@type\":\"ImageObject\",\"inLanguage\":\"es\",\"@id\":\"https:\/\/www.externacorporativo.com\/es\/#\/schema\/person\/image\/\",\"url\":\"https:\/\/secure.gravatar.com\/avatar\/b46a7287724b495183c8c832facd7442?s=96&d=mm&r=g\",\"contentUrl\":\"https:\/\/secure.gravatar.com\/avatar\/b46a7287724b495183c8c832facd7442?s=96&d=mm&r=g\",\"caption\":\"Programacion\"},\"url\":\"https:\/\/www.externacorporativo.com\/es\/author\/programacion\/\"}]}<\/script>\n<!-- \/ Yoast SEO plugin. -->","yoast_head_json":{"title":"ESPA\u00d1A: Real Decreto-ley 15\/2020, de 22 de abril. - Externa","robots":{"index":"index","follow":"follow","max-snippet":"max-snippet:-1","max-image-preview":"max-image-preview:large","max-video-preview":"max-video-preview:-1"},"canonical":"https:\/\/www.externacorporativo.com\/es\/espana-real-decreto-ley-15-2020-de-22-de-abril\/","og_locale":"es_ES","og_type":"article","og_title":"ESPA\u00d1A: Real Decreto-ley 15\/2020, de 22 de abril. - Externa","og_description":"ESPA\u00d1A: Real Decreto-ley 15\/2020, de 22 de abril.","og_url":"https:\/\/www.externacorporativo.com\/es\/espana-real-decreto-ley-15-2020-de-22-de-abril\/","og_site_name":"Externa","article_published_time":"2023-06-01T07:28:01+00:00","article_modified_time":"2023-06-01T07:28:03+00:00","author":"Programacion","twitter_card":"summary_large_image","twitter_misc":{"Escrito por":"Programacion","Tiempo de lectura":"11 minutos"},"schema":{"@context":"https:\/\/schema.org","@graph":[{"@type":"Article","@id":"https:\/\/www.externacorporativo.com\/es\/espana-real-decreto-ley-15-2020-de-22-de-abril\/#article","isPartOf":{"@id":"https:\/\/www.externacorporativo.com\/es\/espana-real-decreto-ley-15-2020-de-22-de-abril\/"},"author":{"name":"Programacion","@id":"https:\/\/www.externacorporativo.com\/es\/#\/schema\/person\/bdc7fa484ed4f3510b0ec3c089989e97"},"headline":"ESPA\u00d1A: Real Decreto-ley 15\/2020, de 22 de abril.","datePublished":"2023-06-01T07:28:01+00:00","dateModified":"2023-06-01T07:28:03+00:00","mainEntityOfPage":{"@id":"https:\/\/www.externacorporativo.com\/es\/espana-real-decreto-ley-15-2020-de-22-de-abril\/"},"wordCount":2182,"commentCount":0,"publisher":{"@id":"https:\/\/www.externacorporativo.com\/es\/#organization"},"inLanguage":"es","potentialAction":[{"@type":"CommentAction","name":"Comment","target":["https:\/\/www.externacorporativo.com\/es\/espana-real-decreto-ley-15-2020-de-22-de-abril\/#respond"]}]},{"@type":"WebPage","@id":"https:\/\/www.externacorporativo.com\/es\/espana-real-decreto-ley-15-2020-de-22-de-abril\/","url":"https:\/\/www.externacorporativo.com\/es\/espana-real-decreto-ley-15-2020-de-22-de-abril\/","name":"ESPA\u00d1A: Real Decreto-ley 15\/2020, de 22 de abril. - Externa","isPartOf":{"@id":"https:\/\/www.externacorporativo.com\/es\/#website"},"datePublished":"2023-06-01T07:28:01+00:00","dateModified":"2023-06-01T07:28:03+00:00","breadcrumb":{"@id":"https:\/\/www.externacorporativo.com\/es\/espana-real-decreto-ley-15-2020-de-22-de-abril\/#breadcrumb"},"inLanguage":"es","potentialAction":[{"@type":"ReadAction","target":["https:\/\/www.externacorporativo.com\/es\/espana-real-decreto-ley-15-2020-de-22-de-abril\/"]}]},{"@type":"BreadcrumbList","@id":"https:\/\/www.externacorporativo.com\/es\/espana-real-decreto-ley-15-2020-de-22-de-abril\/#breadcrumb","itemListElement":[{"@type":"ListItem","position":1,"name":"Portada","item":"https:\/\/www.externacorporativo.com\/es\/"},{"@type":"ListItem","position":2,"name":"ESPA\u00d1A: Real Decreto-ley 15\/2020, de 22 de abril."}]},{"@type":"WebSite","@id":"https:\/\/www.externacorporativo.com\/es\/#website","url":"https:\/\/www.externacorporativo.com\/es\/","name":"Externa","description":"","publisher":{"@id":"https:\/\/www.externacorporativo.com\/es\/#organization"},"potentialAction":[{"@type":"SearchAction","target":{"@type":"EntryPoint","urlTemplate":"https:\/\/www.externacorporativo.com\/es\/?s={search_term_string}"},"query-input":"required name=search_term_string"}],"inLanguage":"es"},{"@type":"Organization","@id":"https:\/\/www.externacorporativo.com\/es\/#organization","name":"Externa","url":"https:\/\/www.externacorporativo.com\/es\/","logo":{"@type":"ImageObject","inLanguage":"es","@id":"https:\/\/www.externacorporativo.com\/es\/#\/schema\/logo\/image\/","url":"https:\/\/www.externacorporativo.com\/wp-content\/uploads\/2023\/04\/Sin-nombre.png","contentUrl":"https:\/\/www.externacorporativo.com\/wp-content\/uploads\/2023\/04\/Sin-nombre.png","width":297,"height":109,"caption":"Externa"},"image":{"@id":"https:\/\/www.externacorporativo.com\/es\/#\/schema\/logo\/image\/"}},{"@type":"Person","@id":"https:\/\/www.externacorporativo.com\/es\/#\/schema\/person\/bdc7fa484ed4f3510b0ec3c089989e97","name":"Programacion","image":{"@type":"ImageObject","inLanguage":"es","@id":"https:\/\/www.externacorporativo.com\/es\/#\/schema\/person\/image\/","url":"https:\/\/secure.gravatar.com\/avatar\/b46a7287724b495183c8c832facd7442?s=96&d=mm&r=g","contentUrl":"https:\/\/secure.gravatar.com\/avatar\/b46a7287724b495183c8c832facd7442?s=96&d=mm&r=g","caption":"Programacion"},"url":"https:\/\/www.externacorporativo.com\/es\/author\/programacion\/"}]}},"_links":{"self":[{"href":"https:\/\/www.externacorporativo.com\/es\/wp-json\/wp\/v2\/posts\/1706"}],"collection":[{"href":"https:\/\/www.externacorporativo.com\/es\/wp-json\/wp\/v2\/posts"}],"about":[{"href":"https:\/\/www.externacorporativo.com\/es\/wp-json\/wp\/v2\/types\/post"}],"author":[{"embeddable":true,"href":"https:\/\/www.externacorporativo.com\/es\/wp-json\/wp\/v2\/users\/2"}],"replies":[{"embeddable":true,"href":"https:\/\/www.externacorporativo.com\/es\/wp-json\/wp\/v2\/comments?post=1706"}],"version-history":[{"count":1,"href":"https:\/\/www.externacorporativo.com\/es\/wp-json\/wp\/v2\/posts\/1706\/revisions"}],"predecessor-version":[{"id":2548,"href":"https:\/\/www.externacorporativo.com\/es\/wp-json\/wp\/v2\/posts\/1706\/revisions\/2548"}],"wp:attachment":[{"href":"https:\/\/www.externacorporativo.com\/es\/wp-json\/wp\/v2\/media?parent=1706"}],"wp:term":[{"taxonomy":"category","embeddable":true,"href":"https:\/\/www.externacorporativo.com\/es\/wp-json\/wp\/v2\/categories?post=1706"},{"taxonomy":"post_tag","embeddable":true,"href":"https:\/\/www.externacorporativo.com\/es\/wp-json\/wp\/v2\/tags?post=1706"}],"curies":[{"name":"wp","href":"https:\/\/api.w.org\/{rel}","templated":true}]}}