{"id":988,"date":"2023-06-01T07:26:08","date_gmt":"2023-06-01T07:26:08","guid":{"rendered":"https:\/\/www.externacorporativo.com\/union-europea-marca-de-la-union-europea-2\/"},"modified":"2023-06-01T07:26:10","modified_gmt":"2023-06-01T07:26:10","slug":"union-europea-marca-de-la-union-europea-2","status":"publish","type":"post","link":"https:\/\/www.externacorporativo.com\/es\/union-europea-marca-de-la-union-europea-2\/","title":{"rendered":"Uni\u00f3n Europea: Marca de la Uni\u00f3n Europea."},"content":{"rendered":"<p style=\"text-align: justify;\">La Oficina de Armonizaci\u00f3n del Mercado Interior, la OAMI, ha modificado su nombre para denominarse Oficina de la Propiedad Intelectual de la UE, EUIPO. Dicha modificaci\u00f3n entr\u00f3 vigor el 23 de Marzo de 2016 tras haber sido aprobada por Reglamento Europeo el pasado mes de Diciembre.<\/p>\n<p style=\"text-align: justify;\">A partir de esta fecha, todas las Marcas Comunitarias tambi\u00e9n modifican su denominaci\u00f3n y pasan a llamarse \u201cMarca de la Uni\u00f3n Europea, MUE\u201d.<\/p>\n<p style=\"text-align: justify;\">Esta modificaci\u00f3n va acompa\u00f1ada de una reducci\u00f3n general en las tasas y de solicitud de marcas y especialmente en las que afectan a renovaciones.<\/p>\n","protected":false},"excerpt":{"rendered":"<p>La Oficina de Armonizaci\u00f3n del Mercado Interior, la OAMI, ha modificado su nombre para denominarse Oficina de la Propiedad Intelectual de la UE, EUIPO. Dicha modificaci\u00f3n entr\u00f3 vigor el 23 de Marzo de 2016 tras haber sido aprobada por Reglamento Europeo el pasado mes de Diciembre. A partir de esta fecha, todas las Marcas Comunitarias [&hellip;]<\/p>\n","protected":false},"author":2,"featured_media":0,"comment_status":"open","ping_status":"open","sticky":false,"template":"","format":"standard","meta":[],"categories":[],"tags":[],"yoast_head":"<!-- This site is optimized with the Yoast SEO plugin v20.0 - https:\/\/yoast.com\/wordpress\/plugins\/seo\/ -->\n<title>Uni\u00f3n Europea: Marca de la Uni\u00f3n Europea. - Externa<\/title>\n<meta name=\"robots\" content=\"index, follow, max-snippet:-1, max-image-preview:large, max-video-preview:-1\" \/>\n<link rel=\"canonical\" href=\"https:\/\/www.externacorporativo.com\/es\/union-europea-marca-de-la-union-europea-2\/\" \/>\n<meta property=\"og:locale\" content=\"es_ES\" \/>\n<meta property=\"og:type\" content=\"article\" \/>\n<meta property=\"og:title\" content=\"Uni\u00f3n Europea: Marca de la Uni\u00f3n Europea. - Externa\" \/>\n<meta property=\"og:description\" content=\"La Oficina de Armonizaci\u00f3n del Mercado Interior, la OAMI, ha modificado su nombre para denominarse Oficina de la Propiedad Intelectual de la UE, EUIPO. Dicha modificaci\u00f3n entr\u00f3 vigor el 23 de Marzo de 2016 tras haber sido aprobada por Reglamento Europeo el pasado mes de Diciembre. A partir de esta fecha, todas las Marcas Comunitarias [&hellip;]\" \/>\n<meta property=\"og:url\" content=\"https:\/\/www.externacorporativo.com\/es\/union-europea-marca-de-la-union-europea-2\/\" \/>\n<meta property=\"og:site_name\" content=\"Externa\" \/>\n<meta property=\"article:published_time\" content=\"2023-06-01T07:26:08+00:00\" \/>\n<meta property=\"article:modified_time\" content=\"2023-06-01T07:26:10+00:00\" \/>\n<meta name=\"author\" content=\"Programacion\" \/>\n<meta name=\"twitter:card\" content=\"summary_large_image\" \/>\n<meta name=\"twitter:label1\" content=\"Escrito por\" \/>\n\t<meta name=\"twitter:data1\" content=\"Programacion\" \/>\n<script type=\"application\/ld+json\" class=\"yoast-schema-graph\">{\"@context\":\"https:\/\/schema.org\",\"@graph\":[{\"@type\":\"Article\",\"@id\":\"https:\/\/www.externacorporativo.com\/es\/union-europea-marca-de-la-union-europea-2\/#article\",\"isPartOf\":{\"@id\":\"https:\/\/www.externacorporativo.com\/es\/union-europea-marca-de-la-union-europea-2\/\"},\"author\":{\"name\":\"Programacion\",\"@id\":\"https:\/\/www.externacorporativo.com\/es\/#\/schema\/person\/bdc7fa484ed4f3510b0ec3c089989e97\"},\"headline\":\"Uni\u00f3n Europea: Marca de la Uni\u00f3n Europea.\",\"datePublished\":\"2023-06-01T07:26:08+00:00\",\"dateModified\":\"2023-06-01T07:26:10+00:00\",\"mainEntityOfPage\":{\"@id\":\"https:\/\/www.externacorporativo.com\/es\/union-europea-marca-de-la-union-europea-2\/\"},\"wordCount\":108,\"commentCount\":0,\"publisher\":{\"@id\":\"https:\/\/www.externacorporativo.com\/es\/#organization\"},\"inLanguage\":\"es\",\"potentialAction\":[{\"@type\":\"CommentAction\",\"name\":\"Comment\",\"target\":[\"https:\/\/www.externacorporativo.com\/es\/union-europea-marca-de-la-union-europea-2\/#respond\"]}]},{\"@type\":\"WebPage\",\"@id\":\"https:\/\/www.externacorporativo.com\/es\/union-europea-marca-de-la-union-europea-2\/\",\"url\":\"https:\/\/www.externacorporativo.com\/es\/union-europea-marca-de-la-union-europea-2\/\",\"name\":\"Uni\u00f3n Europea: Marca de la Uni\u00f3n Europea. - Externa\",\"isPartOf\":{\"@id\":\"https:\/\/www.externacorporativo.com\/es\/#website\"},\"datePublished\":\"2023-06-01T07:26:08+00:00\",\"dateModified\":\"2023-06-01T07:26:10+00:00\",\"breadcrumb\":{\"@id\":\"https:\/\/www.externacorporativo.com\/es\/union-europea-marca-de-la-union-europea-2\/#breadcrumb\"},\"inLanguage\":\"es\",\"potentialAction\":[{\"@type\":\"ReadAction\",\"target\":[\"https:\/\/www.externacorporativo.com\/es\/union-europea-marca-de-la-union-europea-2\/\"]}]},{\"@type\":\"BreadcrumbList\",\"@id\":\"https:\/\/www.externacorporativo.com\/es\/union-europea-marca-de-la-union-europea-2\/#breadcrumb\",\"itemListElement\":[{\"@type\":\"ListItem\",\"position\":1,\"name\":\"Portada\",\"item\":\"https:\/\/www.externacorporativo.com\/es\/\"},{\"@type\":\"ListItem\",\"position\":2,\"name\":\"Uni\u00f3n Europea: Marca de la Uni\u00f3n Europea.\"}]},{\"@type\":\"WebSite\",\"@id\":\"https:\/\/www.externacorporativo.com\/es\/#website\",\"url\":\"https:\/\/www.externacorporativo.com\/es\/\",\"name\":\"Externa\",\"description\":\"\",\"publisher\":{\"@id\":\"https:\/\/www.externacorporativo.com\/es\/#organization\"},\"potentialAction\":[{\"@type\":\"SearchAction\",\"target\":{\"@type\":\"EntryPoint\",\"urlTemplate\":\"https:\/\/www.externacorporativo.com\/es\/?s={search_term_string}\"},\"query-input\":\"required name=search_term_string\"}],\"inLanguage\":\"es\"},{\"@type\":\"Organization\",\"@id\":\"https:\/\/www.externacorporativo.com\/es\/#organization\",\"name\":\"Externa\",\"url\":\"https:\/\/www.externacorporativo.com\/es\/\",\"logo\":{\"@type\":\"ImageObject\",\"inLanguage\":\"es\",\"@id\":\"https:\/\/www.externacorporativo.com\/es\/#\/schema\/logo\/image\/\",\"url\":\"https:\/\/www.externacorporativo.com\/wp-content\/uploads\/2023\/04\/Sin-nombre.png\",\"contentUrl\":\"https:\/\/www.externacorporativo.com\/wp-content\/uploads\/2023\/04\/Sin-nombre.png\",\"width\":297,\"height\":109,\"caption\":\"Externa\"},\"image\":{\"@id\":\"https:\/\/www.externacorporativo.com\/es\/#\/schema\/logo\/image\/\"}},{\"@type\":\"Person\",\"@id\":\"https:\/\/www.externacorporativo.com\/es\/#\/schema\/person\/bdc7fa484ed4f3510b0ec3c089989e97\",\"name\":\"Programacion\",\"image\":{\"@type\":\"ImageObject\",\"inLanguage\":\"es\",\"@id\":\"https:\/\/www.externacorporativo.com\/es\/#\/schema\/person\/image\/\",\"url\":\"https:\/\/secure.gravatar.com\/avatar\/b46a7287724b495183c8c832facd7442?s=96&d=mm&r=g\",\"contentUrl\":\"https:\/\/secure.gravatar.com\/avatar\/b46a7287724b495183c8c832facd7442?s=96&d=mm&r=g\",\"caption\":\"Programacion\"},\"url\":\"https:\/\/www.externacorporativo.com\/es\/author\/programacion\/\"}]}<\/script>\n<!-- \/ Yoast SEO plugin. -->","yoast_head_json":{"title":"Uni\u00f3n Europea: Marca de la Uni\u00f3n Europea. - Externa","robots":{"index":"index","follow":"follow","max-snippet":"max-snippet:-1","max-image-preview":"max-image-preview:large","max-video-preview":"max-video-preview:-1"},"canonical":"https:\/\/www.externacorporativo.com\/es\/union-europea-marca-de-la-union-europea-2\/","og_locale":"es_ES","og_type":"article","og_title":"Uni\u00f3n Europea: Marca de la Uni\u00f3n Europea. - Externa","og_description":"La Oficina de Armonizaci\u00f3n del Mercado Interior, la OAMI, ha modificado su nombre para denominarse Oficina de la Propiedad Intelectual de la UE, EUIPO. Dicha modificaci\u00f3n entr\u00f3 vigor el 23 de Marzo de 2016 tras haber sido aprobada por Reglamento Europeo el pasado mes de Diciembre. A partir de esta fecha, todas las Marcas Comunitarias [&hellip;]","og_url":"https:\/\/www.externacorporativo.com\/es\/union-europea-marca-de-la-union-europea-2\/","og_site_name":"Externa","article_published_time":"2023-06-01T07:26:08+00:00","article_modified_time":"2023-06-01T07:26:10+00:00","author":"Programacion","twitter_card":"summary_large_image","twitter_misc":{"Escrito por":"Programacion"},"schema":{"@context":"https:\/\/schema.org","@graph":[{"@type":"Article","@id":"https:\/\/www.externacorporativo.com\/es\/union-europea-marca-de-la-union-europea-2\/#article","isPartOf":{"@id":"https:\/\/www.externacorporativo.com\/es\/union-europea-marca-de-la-union-europea-2\/"},"author":{"name":"Programacion","@id":"https:\/\/www.externacorporativo.com\/es\/#\/schema\/person\/bdc7fa484ed4f3510b0ec3c089989e97"},"headline":"Uni\u00f3n Europea: Marca de la Uni\u00f3n Europea.","datePublished":"2023-06-01T07:26:08+00:00","dateModified":"2023-06-01T07:26:10+00:00","mainEntityOfPage":{"@id":"https:\/\/www.externacorporativo.com\/es\/union-europea-marca-de-la-union-europea-2\/"},"wordCount":108,"commentCount":0,"publisher":{"@id":"https:\/\/www.externacorporativo.com\/es\/#organization"},"inLanguage":"es","potentialAction":[{"@type":"CommentAction","name":"Comment","target":["https:\/\/www.externacorporativo.com\/es\/union-europea-marca-de-la-union-europea-2\/#respond"]}]},{"@type":"WebPage","@id":"https:\/\/www.externacorporativo.com\/es\/union-europea-marca-de-la-union-europea-2\/","url":"https:\/\/www.externacorporativo.com\/es\/union-europea-marca-de-la-union-europea-2\/","name":"Uni\u00f3n Europea: Marca de la Uni\u00f3n Europea. - Externa","isPartOf":{"@id":"https:\/\/www.externacorporativo.com\/es\/#website"},"datePublished":"2023-06-01T07:26:08+00:00","dateModified":"2023-06-01T07:26:10+00:00","breadcrumb":{"@id":"https:\/\/www.externacorporativo.com\/es\/union-europea-marca-de-la-union-europea-2\/#breadcrumb"},"inLanguage":"es","potentialAction":[{"@type":"ReadAction","target":["https:\/\/www.externacorporativo.com\/es\/union-europea-marca-de-la-union-europea-2\/"]}]},{"@type":"BreadcrumbList","@id":"https:\/\/www.externacorporativo.com\/es\/union-europea-marca-de-la-union-europea-2\/#breadcrumb","itemListElement":[{"@type":"ListItem","position":1,"name":"Portada","item":"https:\/\/www.externacorporativo.com\/es\/"},{"@type":"ListItem","position":2,"name":"Uni\u00f3n Europea: Marca de la Uni\u00f3n Europea."}]},{"@type":"WebSite","@id":"https:\/\/www.externacorporativo.com\/es\/#website","url":"https:\/\/www.externacorporativo.com\/es\/","name":"Externa","description":"","publisher":{"@id":"https:\/\/www.externacorporativo.com\/es\/#organization"},"potentialAction":[{"@type":"SearchAction","target":{"@type":"EntryPoint","urlTemplate":"https:\/\/www.externacorporativo.com\/es\/?s={search_term_string}"},"query-input":"required name=search_term_string"}],"inLanguage":"es"},{"@type":"Organization","@id":"https:\/\/www.externacorporativo.com\/es\/#organization","name":"Externa","url":"https:\/\/www.externacorporativo.com\/es\/","logo":{"@type":"ImageObject","inLanguage":"es","@id":"https:\/\/www.externacorporativo.com\/es\/#\/schema\/logo\/image\/","url":"https:\/\/www.externacorporativo.com\/wp-content\/uploads\/2023\/04\/Sin-nombre.png","contentUrl":"https:\/\/www.externacorporativo.com\/wp-content\/uploads\/2023\/04\/Sin-nombre.png","width":297,"height":109,"caption":"Externa"},"image":{"@id":"https:\/\/www.externacorporativo.com\/es\/#\/schema\/logo\/image\/"}},{"@type":"Person","@id":"https:\/\/www.externacorporativo.com\/es\/#\/schema\/person\/bdc7fa484ed4f3510b0ec3c089989e97","name":"Programacion","image":{"@type":"ImageObject","inLanguage":"es","@id":"https:\/\/www.externacorporativo.com\/es\/#\/schema\/person\/image\/","url":"https:\/\/secure.gravatar.com\/avatar\/b46a7287724b495183c8c832facd7442?s=96&d=mm&r=g","contentUrl":"https:\/\/secure.gravatar.com\/avatar\/b46a7287724b495183c8c832facd7442?s=96&d=mm&r=g","caption":"Programacion"},"url":"https:\/\/www.externacorporativo.com\/es\/author\/programacion\/"}]}},"_links":{"self":[{"href":"https:\/\/www.externacorporativo.com\/es\/wp-json\/wp\/v2\/posts\/988"}],"collection":[{"href":"https:\/\/www.externacorporativo.com\/es\/wp-json\/wp\/v2\/posts"}],"about":[{"href":"https:\/\/www.externacorporativo.com\/es\/wp-json\/wp\/v2\/types\/post"}],"author":[{"embeddable":true,"href":"https:\/\/www.externacorporativo.com\/es\/wp-json\/wp\/v2\/users\/2"}],"replies":[{"embeddable":true,"href":"https:\/\/www.externacorporativo.com\/es\/wp-json\/wp\/v2\/comments?post=988"}],"version-history":[{"count":1,"href":"https:\/\/www.externacorporativo.com\/es\/wp-json\/wp\/v2\/posts\/988\/revisions"}],"predecessor-version":[{"id":1830,"href":"https:\/\/www.externacorporativo.com\/es\/wp-json\/wp\/v2\/posts\/988\/revisions\/1830"}],"wp:attachment":[{"href":"https:\/\/www.externacorporativo.com\/es\/wp-json\/wp\/v2\/media?parent=988"}],"wp:term":[{"taxonomy":"category","embeddable":true,"href":"https:\/\/www.externacorporativo.com\/es\/wp-json\/wp\/v2\/categories?post=988"},{"taxonomy":"post_tag","embeddable":true,"href":"https:\/\/www.externacorporativo.com\/es\/wp-json\/wp\/v2\/tags?post=988"}],"curies":[{"name":"wp","href":"https:\/\/api.w.org\/{rel}","templated":true}]}}